{"id":4095,"date":"2025-10-29T08:53:39","date_gmt":"2025-10-29T11:53:39","guid":{"rendered":"https:\/\/elpuebloelegidodigital.com\/web\/?p=4095"},"modified":"2025-10-29T08:53:39","modified_gmt":"2025-10-29T11:53:39","slug":"tu-vida-esta-coronada-de-gracia","status":"publish","type":"post","link":"https:\/\/elpuebloelegidodigital.com\/web\/2025\/10\/29\/tu-vida-esta-coronada-de-gracia\/","title":{"rendered":"Tu vida est\u00e1 coronada de gracia"},"content":{"rendered":"<p>Tu vida est\u00e1 coronada de gracia<\/p>\n<p>\u201c&#8230;Dios&#8230; los eligi\u00f3 para que llegaran a ser como su Hijo&#8230; Dios los llam\u00f3 para que se acercaran a \u00e9l. Y&#8230;los puso en la relaci\u00f3n correcta con \u00e9l. Y, luego&#8230;les dio su gloria. \u00bfQu\u00e9 podemos decir acerca de cosas tan maravillosas&#8230;? Si Dios est\u00e1 a favor de nosotros, \u00bfqui\u00e9n podr\u00e1 ponerse en nuestra contra?\u201d, Romanos 8:29-31 (NTV).<\/p>\n<p>\u00a1Bendito sea el extravagante amor de Dios! \u00bfPodemos dudar de su cuidado frente a tantas demostraciones de afecto y ternura? Sin embargo, el amor de Dios y su tierno cuidado no nos eximen de sufrimientos. 1\u00aa Pedro 4:12 pone en evidencia el error de los primeros cristianos. Ellos pensaban que por confiar en Dios no iban a padecer injusticias: \u201cAmados, no se sorprendan del fuego de prueba&#8230; como si alguna cosa extra\u00f1a les estuviera aconteciendo\u201d (NBLH).<br \/>\nMuchos cristianos piensan del mismo modo. Creen que la fe en el Se\u00f1or los absolver\u00e1 de padecer, pero no es as\u00ed. Jes\u00fas mismo quiso que todos sus seguidores tuvieran claridad al respecto, por eso dijo: \u201c&#8230;Aqu\u00ed en el mundo tendr\u00e1n muchas pruebas y tristezas&#8230;\u201d, Juan 16:33 (NTV). Luego de estas palabras, or\u00f3 por nosotros. \u00bfLo recuerdas? Jes\u00fas dijo: \u201c&#8230;No pido por la gente que no me acepta y que solo piensa en las cosas de este mundo. M\u00e1s bien, pido por los seguidores que me diste y que son tuyos\u201d, Juan 17:9 (TLA). La oraci\u00f3n de Jes\u00fas nos preserva en medio del mal y la maldad. \u00a1Confiemos!<br \/>\nPor lo tanto no te rindas al dolor. En su lugar, acude al trono de la gracia. Clama con el coraz\u00f3n en el sitio donde Dios est\u00e1, escucha y responde: \u201c&#8230;Cuando te pongas a orar, entra en tu cuarto, cierra la puerta y ora a tu Padre, que est\u00e1 en lo secreto\u201d, Mateo 6:6 (BAD). \u00bfVas a transformar tus problemas en victorias o dar\u00e1s un paso hacia atr\u00e1s? Es cierto que la vida pasa por la tierra del dolor y los sufrimientos; pero tambi\u00e9n es cierto que somos m\u00e1s que vencedores en cualquier situaci\u00f3n: \u201c&#8230;Si Dios es por nosotros, \u00bfqui\u00e9n contra nosotros? El que no escatim\u00f3 ni a su propio Hijo, sino que lo entreg\u00f3 por todos nosotros, \u00bfc\u00f3mo no nos dar\u00e1 tambi\u00e9n con \u00e9l todas las cosas? Antes&#8230;somos m\u00e1s que vencedores por medio de aquel que nos am\u00f3\u201d, Romanos 8:31-37 (VRV). No te atemorices cuando la dificultad se presente e incluye a Dios en tus decisiones. Vislumbra tu porvenir con fe y mu\u00e9vete en esa direcci\u00f3n porque su gracia, su favor inmerecido y su amor perfecto est\u00e1n disponibles para ti cada d\u00eda de tu vida.<\/p>\n<p>Extra\u00eddo de: Un nuevo a\u00f1o, una nueva vida, una nueva oportunidad &#8211; Encuentros diarios con el Esp\u00edritu Santo \/ Jos\u00e9 Luis y Silvia Cinalli. Lo puedes adquirir en www.libreriadelaciudad.com<\/p>\n","protected":false},"excerpt":{"rendered":"<p>Tu vida est\u00e1 coronada de gracia \u201c&#8230;Dios&#8230; los eligi\u00f3 para que llegaran a ser como su Hijo&#8230; Dios los llam\u00f3 para que se acercaran a \u00e9l. Y&#8230;los puso en la relaci\u00f3n correcta con \u00e9l. Y, luego&#8230;les dio su gloria. \u00bfQu\u00e9 podemos decir acerca de cosas tan maravillosas&#8230;? Si Dios est\u00e1 a favor de nosotros, \u00bfqui\u00e9n [&hellip;]<\/p>\n","protected":false},"author":2,"featured_media":4096,"comment_status":"closed","ping_status":"closed","sticky":false,"template":"","format":"standard","meta":{"footnotes":""},"categories":[64,70,67],"tags":[],"class_list":{"0":"post-4095","1":"post","2":"type-post","3":"status-publish","4":"format-standard","5":"has-post-thumbnail","7":"category-agenda-de-eventos","8":"category-iglesias","9":"category-refelxiones"},"_links":{"self":[{"href":"https:\/\/elpuebloelegidodigital.com\/web\/wp-json\/wp\/v2\/posts\/4095","targetHints":{"allow":["GET"]}}],"collection":[{"href":"https:\/\/elpuebloelegidodigital.com\/web\/wp-json\/wp\/v2\/posts"}],"about":[{"href":"https:\/\/elpuebloelegidodigital.com\/web\/wp-json\/wp\/v2\/types\/post"}],"author":[{"embeddable":true,"href":"https:\/\/elpuebloelegidodigital.com\/web\/wp-json\/wp\/v2\/users\/2"}],"replies":[{"embeddable":true,"href":"https:\/\/elpuebloelegidodigital.com\/web\/wp-json\/wp\/v2\/comments?post=4095"}],"version-history":[{"count":1,"href":"https:\/\/elpuebloelegidodigital.com\/web\/wp-json\/wp\/v2\/posts\/4095\/revisions"}],"predecessor-version":[{"id":4097,"href":"https:\/\/elpuebloelegidodigital.com\/web\/wp-json\/wp\/v2\/posts\/4095\/revisions\/4097"}],"wp:featuredmedia":[{"embeddable":true,"href":"https:\/\/elpuebloelegidodigital.com\/web\/wp-json\/wp\/v2\/media\/4096"}],"wp:attachment":[{"href":"https:\/\/elpuebloelegidodigital.com\/web\/wp-json\/wp\/v2\/media?parent=4095"}],"wp:term":[{"taxonomy":"category","embeddable":true,"href":"https:\/\/elpuebloelegidodigital.com\/web\/wp-json\/wp\/v2\/categories?post=4095"},{"taxonomy":"post_tag","embeddable":true,"href":"https:\/\/elpuebloelegidodigital.com\/web\/wp-json\/wp\/v2\/tags?post=4095"}],"curies":[{"name":"wp","href":"https:\/\/api.w.org\/{rel}","templated":true}]}}