{"id":4092,"date":"2025-10-29T08:51:02","date_gmt":"2025-10-29T11:51:02","guid":{"rendered":"https:\/\/elpuebloelegidodigital.com\/web\/?p=4092"},"modified":"2025-10-29T08:51:02","modified_gmt":"2025-10-29T11:51:02","slug":"jamas-si-jamas","status":"publish","type":"post","link":"https:\/\/elpuebloelegidodigital.com\/web\/2025\/10\/29\/jamas-si-jamas\/","title":{"rendered":"Jam\u00e1s, s\u00ed&#8230; jam\u00e1s"},"content":{"rendered":"<p>Jam\u00e1s, s\u00ed&#8230; jam\u00e1s<\/p>\n<p>Jam\u00e1s pensar\u00e9 que la vida no tiene sentido porque \u201cel Se\u00f1or tiene un prop\u00f3sito para m\u00ed\u201d, Proverbios 16:4.<br \/>\nJam\u00e1s pensar\u00e9 en miseria porque \u201c&#8230;mi Dios, pues, suplir\u00e1 todo lo que me falte conforme a sus riquezas en gloria en Cristo Jes\u00fas\u201d, Filipenses 4:19.<br \/>\nJam\u00e1s pensar\u00e9 desgracias sobre mi familia porque \u201c&#8230;ni en las sombras de la noche, ni a plena luz del d\u00eda, nos caer\u00e1 desgracia alguna, ya que bajo su protecci\u00f3n podemos vivir tranquilos, pues nunca deja de cuidarnos\u201d, Salmo 91:6 y 4. \u201cEl Dios alt\u00edsimo es nuestro refugio y protecci\u00f3n. Por eso ning\u00fan desastre vendr\u00e1 sobre nuestros hogares\u201d, Salmo 91:9.<br \/>\nJam\u00e1s pensar\u00e9 con temor porque \u201cDios no me ha dado el esp\u00edritu del miedo, sino del amor, del poder y del dominio propio\u201d, 1\u00aa Timoteo 1:7.<br \/>\nJam\u00e1s pensar\u00e9 que no puedo porque \u201c&#8230;todo lo puedo en Cristo que me fortalece\u201d, Filipenses 4:13.<br \/>\nJam\u00e1s pensar\u00e9 en enfermedades porque \u201cDios nos traer\u00e1 sanidad y medicina, y nos curar\u00e1 y nos revelar\u00e1 abundancia de paz y de verdad\u201d, Jerem\u00edas 33:6. \u201cM\u00e1s yo har\u00e9 venir sanidad sobre ti y sanar\u00e9 tus heridas, dice Jehov\u00e1\u201d, Jerem\u00edas 30:17.<br \/>\nJam\u00e1s pensar\u00e9 que no tengo a nadie en quien confiar porque \u201cDios dijo: no te desamparar\u00e9, ni te dejar\u00e9\u201d, Hebreos 13:5. \u201cLos que ponen su confianza en \u00e9l no ser\u00e1n defraudados\u201d, Romanos 10:13.<br \/>\nJam\u00e1s pensar\u00e9 que el fracaso es mi destino porque \u201cDios siempre me lleva de triunfo en triunfo en Cristo Jes\u00fas\u201d, 2\u00aa Corintios 2:14.<br \/>\nJam\u00e1s pensar\u00e9 que lucho solo en esta vida porque \u201cJes\u00fas estar\u00e1 siempre con nosotros hasta el fin del mundo\u201d, Mateo 28:20.<br \/>\nJam\u00e1s pensar\u00e9 que Dios no me ama porque \u201c&#8230;de tal manera am\u00f3 Dios al mundo, que ha dado a su Hijo unig\u00e9nito, para que todo aquel que en \u00e9l cree no se pierda, mas tenga vida eterna\u201d, Juan 3:16.<br \/>\nMedita en cada declaraci\u00f3n de la Palabra de Dios y refuerza tu fe con oraci\u00f3n perseverante. Orar es muy bueno para cualquier estado de \u00e1nimo, sobre todo cuando intentas derribar las fuerzas de opresi\u00f3n y maldad. Muchos de los Salmos de David surgieron de sus tiempos de desolaci\u00f3n y prueba. Ora con fervor. Ora con todo tu coraz\u00f3n. \u00a1Tus problemas podr\u00edan ser la puerta al avivamiento y a la prosperidad!<\/p>\n<p>Extra\u00eddo de: Un nuevo a\u00f1o, una nueva vida, una nueva oportunidad &#8211; Encuentros diarios con el Esp\u00edritu Santo \/ Jos\u00e9 Luis y Silvia Cinalli. Lo puedes adquirir en www.libreriadelaciudad.com<\/p>\n","protected":false},"excerpt":{"rendered":"<p>Jam\u00e1s, s\u00ed&#8230; jam\u00e1s Jam\u00e1s pensar\u00e9 que la vida no tiene sentido porque \u201cel Se\u00f1or tiene un prop\u00f3sito para m\u00ed\u201d, Proverbios 16:4. Jam\u00e1s pensar\u00e9 en miseria porque \u201c&#8230;mi Dios, pues, suplir\u00e1 todo lo que me falte conforme a sus riquezas en gloria en Cristo Jes\u00fas\u201d, Filipenses 4:19. Jam\u00e1s pensar\u00e9 desgracias sobre mi familia porque \u201c&#8230;ni en [&hellip;]<\/p>\n","protected":false},"author":2,"featured_media":4093,"comment_status":"closed","ping_status":"closed","sticky":false,"template":"","format":"standard","meta":{"footnotes":""},"categories":[64,70,67],"tags":[],"class_list":{"0":"post-4092","1":"post","2":"type-post","3":"status-publish","4":"format-standard","5":"has-post-thumbnail","7":"category-agenda-de-eventos","8":"category-iglesias","9":"category-refelxiones"},"_links":{"self":[{"href":"https:\/\/elpuebloelegidodigital.com\/web\/wp-json\/wp\/v2\/posts\/4092","targetHints":{"allow":["GET"]}}],"collection":[{"href":"https:\/\/elpuebloelegidodigital.com\/web\/wp-json\/wp\/v2\/posts"}],"about":[{"href":"https:\/\/elpuebloelegidodigital.com\/web\/wp-json\/wp\/v2\/types\/post"}],"author":[{"embeddable":true,"href":"https:\/\/elpuebloelegidodigital.com\/web\/wp-json\/wp\/v2\/users\/2"}],"replies":[{"embeddable":true,"href":"https:\/\/elpuebloelegidodigital.com\/web\/wp-json\/wp\/v2\/comments?post=4092"}],"version-history":[{"count":1,"href":"https:\/\/elpuebloelegidodigital.com\/web\/wp-json\/wp\/v2\/posts\/4092\/revisions"}],"predecessor-version":[{"id":4094,"href":"https:\/\/elpuebloelegidodigital.com\/web\/wp-json\/wp\/v2\/posts\/4092\/revisions\/4094"}],"wp:featuredmedia":[{"embeddable":true,"href":"https:\/\/elpuebloelegidodigital.com\/web\/wp-json\/wp\/v2\/media\/4093"}],"wp:attachment":[{"href":"https:\/\/elpuebloelegidodigital.com\/web\/wp-json\/wp\/v2\/media?parent=4092"}],"wp:term":[{"taxonomy":"category","embeddable":true,"href":"https:\/\/elpuebloelegidodigital.com\/web\/wp-json\/wp\/v2\/categories?post=4092"},{"taxonomy":"post_tag","embeddable":true,"href":"https:\/\/elpuebloelegidodigital.com\/web\/wp-json\/wp\/v2\/tags?post=4092"}],"curies":[{"name":"wp","href":"https:\/\/api.w.org\/{rel}","templated":true}]}}