{"id":4064,"date":"2025-09-24T11:10:58","date_gmt":"2025-09-24T14:10:58","guid":{"rendered":"https:\/\/elpuebloelegidodigital.com\/web\/?p=4064"},"modified":"2025-09-24T11:10:58","modified_gmt":"2025-09-24T14:10:58","slug":"las-guardias-en-los-hospitales-y-caps-funcionaran-normalmente","status":"publish","type":"post","link":"https:\/\/elpuebloelegidodigital.com\/web\/2025\/09\/24\/las-guardias-en-los-hospitales-y-caps-funcionaran-normalmente\/","title":{"rendered":"Las Guardias en los hospitales y CAPS funcionar\u00e1n normalmente"},"content":{"rendered":"<div class=\"row\">\n<div class=\"articulo-detalle-volanta\">SALUD P\u00daBLICA<\/div>\n<\/div>\n<div class=\"row\">\n<div class=\"articulo-detalle-titulo\">Las Guardias en los hospitales y CAPS funcionar\u00e1n normalmente<\/div>\n<\/div>\n<p>&nbsp;<\/p>\n<div class=\"row articulo-detalle-imagenprincipal-parent-container\">\n<div class=\"row articulo-detalle-imagenprincipal-container\"><img decoding=\"async\" class=\"articulo-detalle-imagenprincipal\" title=\"\" src=\"https:\/\/cdn.corrientes.gob.ar\/assets\/image\/103086-2400x2400-3\/6d0ada4a8c0970ecad11b3accaa03391259134d6.webp\" alt=\"\" \/><\/div>\n<\/div>\n<div class=\"row\">\n<div class=\"articulo-detalle-bajada\">\n<p><em>La cartera sanitaria provincial recuerda que est\u00e1 asegurada, durante el feriado del 24 de septiembre, la normal prestaci\u00f3n de servicios en los centros asistenciales y en los CAPS N\u00b0 3, 4, 5, 9, 10, y 15 de Capital.<\/em><\/p>\n<\/div>\n<\/div>\n<p>El Ministerio de Salud P\u00fablica recuerda que est\u00e1n garantizadas las guardias en los hospitales y Centros de Atenci\u00f3n Primaria de la Salud (CAPS) durante el feriado del 24 de septiembre. En cada centro asistencial, los directores coordinan los refuerzos respectivos para asegurar la atenci\u00f3n a la poblaci\u00f3n.<\/p>\n<div class=\"row\">\n<div class=\"articulo-detalle-contenido\">\n<p>Al respecto, el director general de Gesti\u00f3n Hospitalaria e Instituciones de Salud,\u00a0<strong>Mario Rodr\u00edguez<\/strong>, inform\u00f3 que las guardias est\u00e1n garantizadas.<br \/>\n&#8220;La organizaci\u00f3n siempre se da a criterio de cada hospital, es decir, cada direcci\u00f3n se encarga de organizar y de reforzar los servicios para asegurar la atenci\u00f3n&#8221;, sostuvo.<br \/>\nPor su parte, el director de Coordinaci\u00f3n de CAPS Capital,\u00a0<strong>Cristian Sarqu\u00eds<\/strong>, indic\u00f3 que en los Centros de Atenci\u00f3n Primaria de la Salud (CAPS) &#8220;tambi\u00e9n est\u00e1n garantizadas las guardias y articuladas con la Direcci\u00f3n de Emergencias Sanitarias (DES 107)&#8221; y aclar\u00f3 que los centros que tienen ese servicio &#8220;son los CAPS N\u00b0 3 (barrio 1.000 Viv), 4 (barrio Laguna Seca), 5 (barrio Dr. Monta\u00f1a), 9 (barrio 17 de Agosto), 10 (barrio Molina Punta), y 15 (barrio Pirayu\u00ed 550 Viv.)&#8221;.<\/p>\n<\/div>\n<\/div>\n","protected":false},"excerpt":{"rendered":"<p>SALUD P\u00daBLICA Las Guardias en los hospitales y CAPS funcionar\u00e1n normalmente &nbsp; La cartera sanitaria provincial recuerda que est\u00e1 asegurada, durante el feriado del 24 de septiembre, la normal prestaci\u00f3n de servicios en los centros asistenciales y en los CAPS N\u00b0 3, 4, 5, 9, 10, y 15 de Capital. El Ministerio de Salud P\u00fablica [&hellip;]<\/p>\n","protected":false},"author":2,"featured_media":4065,"comment_status":"closed","ping_status":"closed","sticky":false,"template":"","format":"standard","meta":{"footnotes":""},"categories":[56],"tags":[],"class_list":{"0":"post-4064","1":"post","2":"type-post","3":"status-publish","4":"format-standard","5":"has-post-thumbnail","7":"category-noticias-generales"},"_links":{"self":[{"href":"https:\/\/elpuebloelegidodigital.com\/web\/wp-json\/wp\/v2\/posts\/4064","targetHints":{"allow":["GET"]}}],"collection":[{"href":"https:\/\/elpuebloelegidodigital.com\/web\/wp-json\/wp\/v2\/posts"}],"about":[{"href":"https:\/\/elpuebloelegidodigital.com\/web\/wp-json\/wp\/v2\/types\/post"}],"author":[{"embeddable":true,"href":"https:\/\/elpuebloelegidodigital.com\/web\/wp-json\/wp\/v2\/users\/2"}],"replies":[{"embeddable":true,"href":"https:\/\/elpuebloelegidodigital.com\/web\/wp-json\/wp\/v2\/comments?post=4064"}],"version-history":[{"count":1,"href":"https:\/\/elpuebloelegidodigital.com\/web\/wp-json\/wp\/v2\/posts\/4064\/revisions"}],"predecessor-version":[{"id":4066,"href":"https:\/\/elpuebloelegidodigital.com\/web\/wp-json\/wp\/v2\/posts\/4064\/revisions\/4066"}],"wp:featuredmedia":[{"embeddable":true,"href":"https:\/\/elpuebloelegidodigital.com\/web\/wp-json\/wp\/v2\/media\/4065"}],"wp:attachment":[{"href":"https:\/\/elpuebloelegidodigital.com\/web\/wp-json\/wp\/v2\/media?parent=4064"}],"wp:term":[{"taxonomy":"category","embeddable":true,"href":"https:\/\/elpuebloelegidodigital.com\/web\/wp-json\/wp\/v2\/categories?post=4064"},{"taxonomy":"post_tag","embeddable":true,"href":"https:\/\/elpuebloelegidodigital.com\/web\/wp-json\/wp\/v2\/tags?post=4064"}],"curies":[{"name":"wp","href":"https:\/\/api.w.org\/{rel}","templated":true}]}}