{"id":4058,"date":"2025-09-24T11:03:32","date_gmt":"2025-09-24T14:03:32","guid":{"rendered":"https:\/\/elpuebloelegidodigital.com\/web\/?p=4058"},"modified":"2025-09-24T11:03:32","modified_gmt":"2025-09-24T14:03:32","slug":"una-aerolinea-low-cost-incrementara-su-frecuencia-de-vuelos-en-corrientes","status":"publish","type":"post","link":"https:\/\/elpuebloelegidodigital.com\/web\/2025\/09\/24\/una-aerolinea-low-cost-incrementara-su-frecuencia-de-vuelos-en-corrientes\/","title":{"rendered":"Una aerol\u00ednea low cost incrementar\u00e1 su frecuencia de vuelos en Corrientes"},"content":{"rendered":"<p><span class=\"header\">DE CARA AL VERANO<\/span><\/p>\n<h1>Una aerol\u00ednea low cost incrementar\u00e1 su frecuencia de vuelos en Corrientes<\/h1>\n<div>\n<p>La medida fue comunicada al Ministerio de Turismo de la provincia y se enmarca en una estrategia para potenciar el destino a nivel nacional, junto con la oferta de vuelos desde el aeropuerto de Resistencia.<\/p>\n<h3><strong>La aerol\u00ednea low cost Flybondi anunci\u00f3 que desde octubre incrementar\u00e1 sus frecuencias en varias rutas nacionales, con el objetivo de mejorar la conectividad y acompa\u00f1ar la temporada alta de turismo.<\/strong><\/h3>\n<p><strong>En el caso de Corrientes, la ruta Buenos Aires\u2013Corrientes pasar\u00e1 a tener 11 vuelos semanales en octubre y 12 en noviembre, lo que representa un aumento del 20%.\u00a0<\/strong><\/p>\n<div class=\"autopromo\" data-role=\"promo-target\" data-unit=\"2\">\n<div class=\"promo-targeting\">\n<div class=\"promo-variable\"><\/div>\n<\/div>\n<\/div>\n<p class=\" aBigClassNameToAvoidCollisionInText\">La medida fue comunicada al Ministerio de Turismo de la provincia y\u00a0<strong>se enmarca en una estrategia para potenciar el destino a nivel nacional, junto con la oferta de vuelos desde el aeropuerto de Resistencia.<\/strong><\/p>\n<p>Adem\u00e1s,<strong>\u00a0Flybondi lanz\u00f3 una promoci\u00f3n con un 20% de descuento en pasajes desde y hacia Corrientes para quienes compren hasta el 15 de octubre.<\/strong><\/p>\n<p>La compa\u00f1\u00eda opera actualmente 30 rutas (16 nacionales, 4 interprovinciales y 10 internacionales) y conecta 17 destinos dentro del pa\u00eds y 8 en el exterior.<\/p>\n<p><strong>El refuerzo de frecuencias forma parte de la preparaci\u00f3n de la aerol\u00ednea para la temporada de verano 2025\/2026,<\/strong>\u00a0que prev\u00e9 sumar nuevos destinos y rutas.<\/p>\n<\/div>\n","protected":false},"excerpt":{"rendered":"<p>DE CARA AL VERANO Una aerol\u00ednea low cost incrementar\u00e1 su frecuencia de vuelos en Corrientes La medida fue comunicada al Ministerio de Turismo de la provincia y se enmarca en una estrategia para potenciar el destino a nivel nacional, junto con la oferta de vuelos desde el aeropuerto de Resistencia. La aerol\u00ednea low cost Flybondi [&hellip;]<\/p>\n","protected":false},"author":2,"featured_media":4059,"comment_status":"closed","ping_status":"closed","sticky":false,"template":"","format":"standard","meta":{"footnotes":""},"categories":[56],"tags":[],"class_list":{"0":"post-4058","1":"post","2":"type-post","3":"status-publish","4":"format-standard","5":"has-post-thumbnail","7":"category-noticias-generales"},"_links":{"self":[{"href":"https:\/\/elpuebloelegidodigital.com\/web\/wp-json\/wp\/v2\/posts\/4058","targetHints":{"allow":["GET"]}}],"collection":[{"href":"https:\/\/elpuebloelegidodigital.com\/web\/wp-json\/wp\/v2\/posts"}],"about":[{"href":"https:\/\/elpuebloelegidodigital.com\/web\/wp-json\/wp\/v2\/types\/post"}],"author":[{"embeddable":true,"href":"https:\/\/elpuebloelegidodigital.com\/web\/wp-json\/wp\/v2\/users\/2"}],"replies":[{"embeddable":true,"href":"https:\/\/elpuebloelegidodigital.com\/web\/wp-json\/wp\/v2\/comments?post=4058"}],"version-history":[{"count":1,"href":"https:\/\/elpuebloelegidodigital.com\/web\/wp-json\/wp\/v2\/posts\/4058\/revisions"}],"predecessor-version":[{"id":4060,"href":"https:\/\/elpuebloelegidodigital.com\/web\/wp-json\/wp\/v2\/posts\/4058\/revisions\/4060"}],"wp:featuredmedia":[{"embeddable":true,"href":"https:\/\/elpuebloelegidodigital.com\/web\/wp-json\/wp\/v2\/media\/4059"}],"wp:attachment":[{"href":"https:\/\/elpuebloelegidodigital.com\/web\/wp-json\/wp\/v2\/media?parent=4058"}],"wp:term":[{"taxonomy":"category","embeddable":true,"href":"https:\/\/elpuebloelegidodigital.com\/web\/wp-json\/wp\/v2\/categories?post=4058"},{"taxonomy":"post_tag","embeddable":true,"href":"https:\/\/elpuebloelegidodigital.com\/web\/wp-json\/wp\/v2\/tags?post=4058"}],"curies":[{"name":"wp","href":"https:\/\/api.w.org\/{rel}","templated":true}]}}