{"id":4049,"date":"2025-08-29T10:42:51","date_gmt":"2025-08-29T13:42:51","guid":{"rendered":"https:\/\/elpuebloelegidodigital.com\/web\/?p=4049"},"modified":"2025-08-29T10:42:51","modified_gmt":"2025-08-29T13:42:51","slug":"personajes-biblicos-simeon","status":"publish","type":"post","link":"https:\/\/elpuebloelegidodigital.com\/web\/2025\/08\/29\/personajes-biblicos-simeon\/","title":{"rendered":"Personajes B\u00edblicos: Sime\u00f3n"},"content":{"rendered":"<div class=\"entry-content entry-single clearfix\">\n<blockquote class=\"wp-block-quote has-text-align-left is-layout-flow wp-block-quote-is-layout-flow\"><p><em>Lea volvi\u00f3 a quedar embarazada y dio a luz otro hijo, al que llam\u00f3 Sime\u00f3n, porque dijo: \u201cLleg\u00f3 a o\u00eddos del Se\u00f1or que no soy amada, y por eso me dio tambi\u00e9n este hijo\u201d. <\/em><strong>\u2014G\u00e9nesis 29:33.<\/strong><\/p><\/blockquote>\n<p>Es el segundo hijo de Lea. Es el hermano de Rub\u00e9n, primog\u00e9nito de Jacob. Lev\u00ed es su compa\u00f1ero inseparable; lo mismo que Dina, la hija deshonrada de Jacob.<\/p>\n<p>En el momento final de la vida del patriarca, en el momento de dar la primogenitura, Jacob le niega el privilegio a este hijo, en el mismo discurso en el que se lo niega a Lev\u00ed por su violencia. Cumpli\u00e9ndose la profec\u00eda del padre y como consecuencia de esta no-bendici\u00f3n, ni Lev\u00ed ni Sime\u00f3n tuvieron un territorio definido entre sus hermanos en el pueblo de Israel.<\/p>\n<p>La violencia de estos dos hijos de Jacob (aunque algunos comentadores se\u00f1alan que en el ataque a Siquem participaron todos los hermanos) est\u00e1 condimentada con fiereza, mentira, enga\u00f1o y una crueldad extrema. Incre\u00edble.<\/p>\n<p>Dina es violada por un pr\u00edncipe de una tribu vecina. M\u00e1s all\u00e1 del posterior pedido de casamiento, m\u00e1s all\u00e1 de las negociaciones y las mutuas promesas de apoyo y los favores, m\u00e1s all\u00e1 de que es Hamor, el padre de Siquem, quien busca a Jacob para intentar arreglar la situaci\u00f3n, lo \u00fanico que queda en la mente de Sime\u00f3n es el hecho de que aquel hombre deshonr\u00f3 a su hermana.<\/p>\n<p>Siquem cumple su parte en el trato. A los tres d\u00edas, los hijos de Jacob atacan a una ciudad desprevenida, matan a todos y roban todo lo que consiguen.<\/p>\n<p>No voy a defender a Siquem: se comport\u00f3 terriblemente mal (recuerda, soy padre de dos hijas\u2026), pero por lo que la Biblia nos dice, desde su perspectiva de vida se arrepinti\u00f3 y busc\u00f3 arreglar la situaci\u00f3n.<\/p>\n<p>Sin necesidad de demostrar tanta violencia, muchas veces nos comportamos como Sime\u00f3n. M\u00e1s all\u00e1 de todo lo que pueda suceder despu\u00e9s de una ofensa, m\u00e1s all\u00e1 de las promesas y los perdones que demos, lo \u00fanico en lo que conseguimos pensar es en nuestra venganza. Nuestro perd\u00f3n es peque\u00f1o, mezquino y mentiroso. Nuestra promesa de reatar v\u00ednculos queda en el vac\u00edo, porque nuestro coraz\u00f3n ya est\u00e1 lleno de odio, de rencor, de enemistad; por m\u00e1s que nuestras palabras digan lo contrario.<\/p>\n<p>\u00bfNecesitas perdonar de verdad? Hoy es el d\u00eda.<\/p>\n<p>Por Milton Betancor<\/p>\n<\/div>\n","protected":false},"excerpt":{"rendered":"<p>Lea volvi\u00f3 a quedar embarazada y dio a luz otro hijo, al que llam\u00f3 Sime\u00f3n, porque dijo: \u201cLleg\u00f3 a o\u00eddos del Se\u00f1or que no soy amada, y por eso me dio tambi\u00e9n este hijo\u201d. \u2014G\u00e9nesis 29:33. Es el segundo hijo de Lea. Es el hermano de Rub\u00e9n, primog\u00e9nito de Jacob. Lev\u00ed es su compa\u00f1ero inseparable; [&hellip;]<\/p>\n","protected":false},"author":2,"featured_media":4050,"comment_status":"closed","ping_status":"closed","sticky":false,"template":"","format":"standard","meta":{"footnotes":""},"categories":[70,56,67],"tags":[],"class_list":{"0":"post-4049","1":"post","2":"type-post","3":"status-publish","4":"format-standard","5":"has-post-thumbnail","7":"category-iglesias","8":"category-noticias-generales","9":"category-refelxiones"},"_links":{"self":[{"href":"https:\/\/elpuebloelegidodigital.com\/web\/wp-json\/wp\/v2\/posts\/4049","targetHints":{"allow":["GET"]}}],"collection":[{"href":"https:\/\/elpuebloelegidodigital.com\/web\/wp-json\/wp\/v2\/posts"}],"about":[{"href":"https:\/\/elpuebloelegidodigital.com\/web\/wp-json\/wp\/v2\/types\/post"}],"author":[{"embeddable":true,"href":"https:\/\/elpuebloelegidodigital.com\/web\/wp-json\/wp\/v2\/users\/2"}],"replies":[{"embeddable":true,"href":"https:\/\/elpuebloelegidodigital.com\/web\/wp-json\/wp\/v2\/comments?post=4049"}],"version-history":[{"count":1,"href":"https:\/\/elpuebloelegidodigital.com\/web\/wp-json\/wp\/v2\/posts\/4049\/revisions"}],"predecessor-version":[{"id":4051,"href":"https:\/\/elpuebloelegidodigital.com\/web\/wp-json\/wp\/v2\/posts\/4049\/revisions\/4051"}],"wp:featuredmedia":[{"embeddable":true,"href":"https:\/\/elpuebloelegidodigital.com\/web\/wp-json\/wp\/v2\/media\/4050"}],"wp:attachment":[{"href":"https:\/\/elpuebloelegidodigital.com\/web\/wp-json\/wp\/v2\/media?parent=4049"}],"wp:term":[{"taxonomy":"category","embeddable":true,"href":"https:\/\/elpuebloelegidodigital.com\/web\/wp-json\/wp\/v2\/categories?post=4049"},{"taxonomy":"post_tag","embeddable":true,"href":"https:\/\/elpuebloelegidodigital.com\/web\/wp-json\/wp\/v2\/tags?post=4049"}],"curies":[{"name":"wp","href":"https:\/\/api.w.org\/{rel}","templated":true}]}}