{"id":4046,"date":"2025-08-29T10:40:40","date_gmt":"2025-08-29T13:40:40","guid":{"rendered":"https:\/\/elpuebloelegidodigital.com\/web\/?p=4046"},"modified":"2025-08-29T10:40:40","modified_gmt":"2025-08-29T13:40:40","slug":"historia-una-nueva-mirada","status":"publish","type":"post","link":"https:\/\/elpuebloelegidodigital.com\/web\/2025\/08\/29\/historia-una-nueva-mirada\/","title":{"rendered":"Historia: Una nueva mirada"},"content":{"rendered":"<div class=\"category-pill section-head-alt single-layout-2\">\n<div class=\"entry-header\">\n<h1 class=\"entry-title\"><span style=\"font-family: Verdana, Geneva, sans-serif; font-size: 15px; color: #222222;\">Un joven de unos veintitantos a\u00f1os miraba entusiasmado por la ventana del autob\u00fas mientras recorr\u00edan una zona rural. De repente, exclam\u00f3:<\/span><\/h1>\n<\/div>\n<\/div>\n<div class=\"entry-content entry-single clearfix\">\n<p>\u2014\u00a1Pap\u00e1, mira los \u00e1rboles! \u00a1Est\u00e1n corriendo hacia atr\u00e1s!<\/p>\n<p>El padre lo observ\u00f3 con una sonrisa tranquila. Cerca de ellos, una pareja de viajeros los mir\u00f3 con cierta incomodidad, confundidos por el comportamiento del joven.<\/p>\n<p>Minutos despu\u00e9s, el joven volvi\u00f3 a emocionarse:<\/p>\n<p>\u2014\u00a1Pap\u00e1, las nubes nos est\u00e1n siguiendo! \u00a1Parecen bailar con nosotros!<\/p>\n<p>La mujer, algo desconcertada, murmur\u00f3 a su compa\u00f1ero:<\/p>\n<div class=\"google-auto-placed ap_container\"><ins class=\"adsbygoogle adsbygoogle-noablate\" data-ad-format=\"auto\" data-ad-client=\"ca-pub-9248952147155474\" data-adsbygoogle-status=\"done\" data-ad-status=\"filled\"><\/p>\n<div id=\"aswift_2_host\"><\/div>\n<p><\/ins><\/div>\n<p>\u2014Ese muchacho parece tener alg\u00fan problema\u2026 \u00bfpor qu\u00e9 no lo han llevado a un especialista?<\/p>\n<p>El padre, sin perder la calma, respondi\u00f3 amablemente:<\/p>\n<p>\u2014En realidad, venimos justamente del hospital. Mi hijo naci\u00f3 ciego\u2026 y hoy, por primera vez en su vida, ha podido ver.<\/p>\n<p>Los rostros de la pareja se transformaron. Donde hab\u00eda juicio, ahora hab\u00eda asombro\u2026 y verg\u00fcenza.<\/p>\n<blockquote class=\"wp-block-quote is-layout-flow wp-block-quote-is-layout-flow\"><p>\u2026\u201cEl hombre mira lo que est\u00e1 delante de sus ojos, pero Jehov\u00e1 mira el coraz\u00f3n.\u201d\u00a0<strong>\u20141 Samuel 16:7<\/strong><\/p><\/blockquote>\n<p>A veces, somos r\u00e1pidos para etiquetar a las personas por lo que vemos en la superficie. Un gesto, una palabra, una actitud\u2026 y en cuesti\u00f3n de segundos, asumimos que sabemos lo suficiente como para emitir juicio. Pero cada persona lleva una historia invisible detr\u00e1s de los ojos, un camino que solo Dios conoce completamente.<\/p>\n<p>El joven de esta historia no reaccionaba como un ni\u00f1o por inmadurez, sino por asombro: la emoci\u00f3n pura de ver el mundo por primera vez. \u00a1Qu\u00e9 hermoso es mirar la creaci\u00f3n como si fuera nueva! Y esa misma emoci\u00f3n es la que experimenta una persona cuando abre sus ojos espirituales y ve a Dios por primera vez.<\/p>\n<p>A veces en la iglesia los miembros m\u00e1s antiguos suelen ser duros con los m\u00e1s nuevos,\u00a0<a title=\"las cr\u00edticas\" href=\"https:\/\/huellasdivinas.com\/reflexiones-sobre\/las-criticas\/\">criticando\u00a0<\/a>sus errores o juzgando lo que nos parece mal. No nos damos cuenta que ellos reci\u00e9n han visto la luz y est\u00e1n aprendiendo a andar en los caminos que nosotros ya creemos conocer muy bien. Debemos ser emp\u00e1ticos y orientarlos con amor y comprensi\u00f3n.<\/p>\n<p>Jes\u00fas nos ense\u00f1\u00f3 a no juzgar por apariencias. \u00c9l mismo fue incomprendido y despreciado por muchos que no conoc\u00edan su misi\u00f3n ni su coraz\u00f3n. A menudo, los que m\u00e1s brillan en la fe son aquellos que fueron m\u00e1s heridos, m\u00e1s rotos\u2026 y m\u00e1s sanados por la gracia divina.<\/p>\n<div class=\"google-auto-placed ap_container\"><ins class=\"adsbygoogle adsbygoogle-noablate\" data-ad-format=\"auto\" data-ad-client=\"ca-pub-9248952147155474\" data-adsbygoogle-status=\"done\" data-ad-status=\"filled\"><\/p>\n<div id=\"aswift_3_host\"><\/div>\n<p><\/ins><\/div>\n<p>Como creyentes, estamos llamados a mirar con compasi\u00f3n y no con\u00a0<a title=\"los prejuicios\" href=\"https:\/\/huellasdivinas.com\/reflexiones-sobre\/los-prejuicios\/\">prejuicio<\/a>. A preguntar antes de se\u00f1alar. A extender la mano en vez de levantar el dedo. Y sobre todo, a celebrar las peque\u00f1as resurrecciones: esos momentos en los que alguien, por fin, comienza a ver.<\/p>\n<p>Se\u00f1or, ense\u00f1anos a apreciar tus bondades para que nunca dejemos de maravillarnos ante la belleza del mundo que creaste y la bondad que nos das\u2026 como si fuera la primera vez.<\/p>\n<p>Por Huellas Divinas<\/p>\n<\/div>\n","protected":false},"excerpt":{"rendered":"<p>Un joven de unos veintitantos a\u00f1os miraba entusiasmado por la ventana del autob\u00fas mientras recorr\u00edan una zona rural. De repente, exclam\u00f3: \u2014\u00a1Pap\u00e1, mira los \u00e1rboles! \u00a1Est\u00e1n corriendo hacia atr\u00e1s! El padre lo observ\u00f3 con una sonrisa tranquila. Cerca de ellos, una pareja de viajeros los mir\u00f3 con cierta incomodidad, confundidos por el comportamiento del joven. [&hellip;]<\/p>\n","protected":false},"author":2,"featured_media":4047,"comment_status":"closed","ping_status":"closed","sticky":false,"template":"","format":"standard","meta":{"footnotes":""},"categories":[70,56,67],"tags":[],"class_list":{"0":"post-4046","1":"post","2":"type-post","3":"status-publish","4":"format-standard","5":"has-post-thumbnail","7":"category-iglesias","8":"category-noticias-generales","9":"category-refelxiones"},"_links":{"self":[{"href":"https:\/\/elpuebloelegidodigital.com\/web\/wp-json\/wp\/v2\/posts\/4046","targetHints":{"allow":["GET"]}}],"collection":[{"href":"https:\/\/elpuebloelegidodigital.com\/web\/wp-json\/wp\/v2\/posts"}],"about":[{"href":"https:\/\/elpuebloelegidodigital.com\/web\/wp-json\/wp\/v2\/types\/post"}],"author":[{"embeddable":true,"href":"https:\/\/elpuebloelegidodigital.com\/web\/wp-json\/wp\/v2\/users\/2"}],"replies":[{"embeddable":true,"href":"https:\/\/elpuebloelegidodigital.com\/web\/wp-json\/wp\/v2\/comments?post=4046"}],"version-history":[{"count":1,"href":"https:\/\/elpuebloelegidodigital.com\/web\/wp-json\/wp\/v2\/posts\/4046\/revisions"}],"predecessor-version":[{"id":4048,"href":"https:\/\/elpuebloelegidodigital.com\/web\/wp-json\/wp\/v2\/posts\/4046\/revisions\/4048"}],"wp:featuredmedia":[{"embeddable":true,"href":"https:\/\/elpuebloelegidodigital.com\/web\/wp-json\/wp\/v2\/media\/4047"}],"wp:attachment":[{"href":"https:\/\/elpuebloelegidodigital.com\/web\/wp-json\/wp\/v2\/media?parent=4046"}],"wp:term":[{"taxonomy":"category","embeddable":true,"href":"https:\/\/elpuebloelegidodigital.com\/web\/wp-json\/wp\/v2\/categories?post=4046"},{"taxonomy":"post_tag","embeddable":true,"href":"https:\/\/elpuebloelegidodigital.com\/web\/wp-json\/wp\/v2\/tags?post=4046"}],"curies":[{"name":"wp","href":"https:\/\/api.w.org\/{rel}","templated":true}]}}