{"id":4040,"date":"2025-08-29T10:23:08","date_gmt":"2025-08-29T13:23:08","guid":{"rendered":"https:\/\/elpuebloelegidodigital.com\/web\/?p=4040"},"modified":"2025-08-29T10:23:08","modified_gmt":"2025-08-29T13:23:08","slug":"corrientes-dos-nuevas-encuestas-anticipan-una-victoria-del-oficialismo-pero-habria-balotaje","status":"publish","type":"post","link":"https:\/\/elpuebloelegidodigital.com\/web\/2025\/08\/29\/corrientes-dos-nuevas-encuestas-anticipan-una-victoria-del-oficialismo-pero-habria-balotaje\/","title":{"rendered":"Corrientes: dos nuevas encuestas anticipan una victoria del oficialismo pero habr\u00eda balotaje"},"content":{"rendered":"<p><span class=\"header\">No superar\u00eda el 40%<\/span><\/p>\n<h1>Corrientes: dos nuevas encuestas anticipan una victoria del oficialismo pero habr\u00eda balotaje<\/h1>\n<div>\n<p>El candidato del Gobierno superar\u00eda el 30% y le sacar\u00eda mucha diferencia al segundo.<\/p>\n<p>Corrientes elige gobernador este domingo 31 de agosto.\u00a0<strong>En medio de una campa\u00f1a con un radicalismo dividio entre Juan Pablo Vald\u00e9s y Ricardo Colombi, dos encuestas anticipan un escenario de balotaje<\/strong>\u00a0. Ambos relevamientos muestran una diferencia importante favorable al Gobierno, pero\u00a0<strong>el oficialismo no llegar\u00eda al 40% por lo que habr\u00eda segunda vuelta<\/strong>\u00a0.<\/p>\n<p class=\" aBigClassNameToAvoidCollisionInText\">CB Consultora hizo un relevamiento de 808 casos entre el 15 y el 20 de agosto.\u00a0<strong>Juan Pablo Vald\u00e9s, candidato del Gobierno, ganar\u00eda las elecciones con el 35,8%. En segundo lugar, muy lejos, quedar\u00eda el peronista Mart\u00edn Asc\u00faa, con el 17,4%<\/strong>. En tercer lugar se ubicar\u00eda el exgobernador Ricardo Colombi, con el 16,4%, y le seguir\u00eda el candidato de LLA, Lisandro Almir\u00f3n, con el 10,3%.<\/p>\n<div id=\"sas_45111\"><\/div>\n<div id=\"video\"><\/div>\n<div class=\"autopromo\" data-role=\"promo-target\" data-unit=\"2\"><ins class=\"adsbygoogle\" data-ad-client=\"ca-pub-3253653980802987\" data-ad-slot=\"8156964104\" data-ad-format=\"auto\" data-full-width-responsive=\"true\" data-adsbygoogle-status=\"done\"><\/p>\n<div id=\"aswift_2_host\"><\/div>\n<p><\/ins><\/div>\n<p>Otra encuesta que estima una victoria oficialista es la de Integrarnos, con una muestra m\u00e1s amplia, ya que las personas encuestadas fueron 1351, entre el 15 y el 23 de agosto.<\/p>\n<p>Seg\u00fan esta encuesta,\u00a0Vald\u00e9s obtendr\u00eda el 35,5% de los votos, contra el 17,8% de Colombi, que aparecer\u00eda en segundo lugar. Tercero quedar\u00eda Asc\u00faa, con el 10,7%, y cuarto Almir\u00f3n, con el 10,4%.<\/p>\n<\/div>\n","protected":false},"excerpt":{"rendered":"<p>No superar\u00eda el 40% Corrientes: dos nuevas encuestas anticipan una victoria del oficialismo pero habr\u00eda balotaje El candidato del Gobierno superar\u00eda el 30% y le sacar\u00eda mucha diferencia al segundo. Corrientes elige gobernador este domingo 31 de agosto.\u00a0En medio de una campa\u00f1a con un radicalismo dividio entre Juan Pablo Vald\u00e9s y Ricardo Colombi, dos encuestas [&hellip;]<\/p>\n","protected":false},"author":2,"featured_media":4041,"comment_status":"closed","ping_status":"closed","sticky":false,"template":"","format":"standard","meta":{"footnotes":""},"categories":[56],"tags":[],"class_list":{"0":"post-4040","1":"post","2":"type-post","3":"status-publish","4":"format-standard","5":"has-post-thumbnail","7":"category-noticias-generales"},"_links":{"self":[{"href":"https:\/\/elpuebloelegidodigital.com\/web\/wp-json\/wp\/v2\/posts\/4040","targetHints":{"allow":["GET"]}}],"collection":[{"href":"https:\/\/elpuebloelegidodigital.com\/web\/wp-json\/wp\/v2\/posts"}],"about":[{"href":"https:\/\/elpuebloelegidodigital.com\/web\/wp-json\/wp\/v2\/types\/post"}],"author":[{"embeddable":true,"href":"https:\/\/elpuebloelegidodigital.com\/web\/wp-json\/wp\/v2\/users\/2"}],"replies":[{"embeddable":true,"href":"https:\/\/elpuebloelegidodigital.com\/web\/wp-json\/wp\/v2\/comments?post=4040"}],"version-history":[{"count":1,"href":"https:\/\/elpuebloelegidodigital.com\/web\/wp-json\/wp\/v2\/posts\/4040\/revisions"}],"predecessor-version":[{"id":4042,"href":"https:\/\/elpuebloelegidodigital.com\/web\/wp-json\/wp\/v2\/posts\/4040\/revisions\/4042"}],"wp:featuredmedia":[{"embeddable":true,"href":"https:\/\/elpuebloelegidodigital.com\/web\/wp-json\/wp\/v2\/media\/4041"}],"wp:attachment":[{"href":"https:\/\/elpuebloelegidodigital.com\/web\/wp-json\/wp\/v2\/media?parent=4040"}],"wp:term":[{"taxonomy":"category","embeddable":true,"href":"https:\/\/elpuebloelegidodigital.com\/web\/wp-json\/wp\/v2\/categories?post=4040"},{"taxonomy":"post_tag","embeddable":true,"href":"https:\/\/elpuebloelegidodigital.com\/web\/wp-json\/wp\/v2\/tags?post=4040"}],"curies":[{"name":"wp","href":"https:\/\/api.w.org\/{rel}","templated":true}]}}