{"id":4037,"date":"2025-08-29T10:20:06","date_gmt":"2025-08-29T13:20:06","guid":{"rendered":"https:\/\/elpuebloelegidodigital.com\/web\/?p=4037"},"modified":"2025-08-29T10:20:06","modified_gmt":"2025-08-29T13:20:06","slug":"streaming-profesional-lanzan-curso-de-capacitacion-en-obs-studio-para-comunicadores-y-periodistas","status":"publish","type":"post","link":"https:\/\/elpuebloelegidodigital.com\/web\/2025\/08\/29\/streaming-profesional-lanzan-curso-de-capacitacion-en-obs-studio-para-comunicadores-y-periodistas\/","title":{"rendered":"Streaming profesional: lanzan curso de capacitaci\u00f3n en OBS Studio para comunicadores y periodistas"},"content":{"rendered":"<p>Se trata de una propuesta de formaci\u00f3n destinada a periodistas, comunicadores, trabajadores de prensa y creadores de contenido que buscan adquirir herramientas pr\u00e1cticas para realizar transmisiones en vivo con calidad profesional.<\/p>\n<p>El streaming se consolid\u00f3 en los \u00faltimos a\u00f1os como un recurso central para medios de comunicaci\u00f3n, sindicatos, organizaciones sociales y productoras culturales. En este escenario, manejar OBS Studio \u2014software libre y gratuito de referencia en el sector\u2014 resulta clave para quienes deseen generar emisiones de impacto, ya sea en redes sociales, canales digitales o plataformas de video.<\/p>\n<p><strong>En ese contexto, anunciaron el lanzamiento del curso &#8220;Iniciate al streaming con OBS&#8221;, una propuesta de formaci\u00f3n destinada a periodistas, comunicadores, trabajadores de prensa y creadores de contenido que buscan adquirir herramientas pr\u00e1cticas para realizar transmisiones en vivo con calidad profesional.<\/strong><\/p>\n<p>El curso tendr\u00e1 una duraci\u00f3n de dos meses, con clases presenciales de tres horas los s\u00e1bados, enfocadas en la pr\u00e1ctica y la producci\u00f3n concreta. La capacitaci\u00f3n est\u00e1 organizada en conjunto con instituciones de formaci\u00f3n y sindicatos del sector de prensa, lo que garantiza una mirada aplicada a las necesidades actuales de la comunicaci\u00f3n en vivo.<\/p>\n<p>&#8220;Queremos que los y las participantes se lleven no solo conocimientos t\u00e9cnicos, sino la capacidad de planificar, producir y ejecutar transmisiones profesionales&#8221;, destacaron desde la organizaci\u00f3n.<\/p>\n<h3><strong>Fechas, inscripci\u00f3n y aranceles<\/strong><\/h3>\n<div class=\"autopromo\" data-role=\"promo-target\" data-unit=\"3\"><ins class=\"adsbygoogle\" data-ad-client=\"ca-pub-3253653980802987\" data-ad-slot=\"5304848448\" data-ad-format=\"auto\" data-adsbygoogle-status=\"done\"><\/p>\n<div id=\"aswift_3_host\"><\/div>\n<p><\/ins><\/div>\n<ul>\n<li>Inscripciones: abiertas desde el 20 de agosto hasta agotar cupos.<\/li>\n<li>Inicio: 6 de septiembre.<\/li>\n<li>Costo: $40.000 por mes.<\/li>\n<li>Modalidad: presencial, en el Instituto Juan Domingo Per\u00f3n.<\/li>\n<li>Formulario de inscripci\u00f3n: completar en\u00a0<a href=\"https:\/\/docs.google.com\/forms\/d\/e\/1FAIpQLScKk7yR-mNRfTIhtG2gA7-pLVaE_NtBzO6mRkbe34bW4wd6uQ\/viewform\"><strong>este link<\/strong>\u00a0<\/a>.<\/li>\n<li>Consultas:\u00a0inscripciones.ijdperon@gmail.com.<\/li>\n<\/ul>\n<p>Con cupo limitado, el curso organizado desde el Instituto Juan Domingo Per\u00f3n se presenta como una oportunidad para potenciar el trabajo comunicacional, incorporar nuevas competencias digitales y aprovechar una herramienta que hoy es est\u00e1ndar en producciones profesionales en todo el mundo.<\/p>\n","protected":false},"excerpt":{"rendered":"<p>Se trata de una propuesta de formaci\u00f3n destinada a periodistas, comunicadores, trabajadores de prensa y creadores de contenido que buscan adquirir herramientas pr\u00e1cticas para realizar transmisiones en vivo con calidad profesional. El streaming se consolid\u00f3 en los \u00faltimos a\u00f1os como un recurso central para medios de comunicaci\u00f3n, sindicatos, organizaciones sociales y productoras culturales. En este [&hellip;]<\/p>\n","protected":false},"author":2,"featured_media":4038,"comment_status":"closed","ping_status":"closed","sticky":false,"template":"","format":"standard","meta":{"footnotes":""},"categories":[56],"tags":[],"class_list":{"0":"post-4037","1":"post","2":"type-post","3":"status-publish","4":"format-standard","5":"has-post-thumbnail","7":"category-noticias-generales"},"_links":{"self":[{"href":"https:\/\/elpuebloelegidodigital.com\/web\/wp-json\/wp\/v2\/posts\/4037","targetHints":{"allow":["GET"]}}],"collection":[{"href":"https:\/\/elpuebloelegidodigital.com\/web\/wp-json\/wp\/v2\/posts"}],"about":[{"href":"https:\/\/elpuebloelegidodigital.com\/web\/wp-json\/wp\/v2\/types\/post"}],"author":[{"embeddable":true,"href":"https:\/\/elpuebloelegidodigital.com\/web\/wp-json\/wp\/v2\/users\/2"}],"replies":[{"embeddable":true,"href":"https:\/\/elpuebloelegidodigital.com\/web\/wp-json\/wp\/v2\/comments?post=4037"}],"version-history":[{"count":1,"href":"https:\/\/elpuebloelegidodigital.com\/web\/wp-json\/wp\/v2\/posts\/4037\/revisions"}],"predecessor-version":[{"id":4039,"href":"https:\/\/elpuebloelegidodigital.com\/web\/wp-json\/wp\/v2\/posts\/4037\/revisions\/4039"}],"wp:featuredmedia":[{"embeddable":true,"href":"https:\/\/elpuebloelegidodigital.com\/web\/wp-json\/wp\/v2\/media\/4038"}],"wp:attachment":[{"href":"https:\/\/elpuebloelegidodigital.com\/web\/wp-json\/wp\/v2\/media?parent=4037"}],"wp:term":[{"taxonomy":"category","embeddable":true,"href":"https:\/\/elpuebloelegidodigital.com\/web\/wp-json\/wp\/v2\/categories?post=4037"},{"taxonomy":"post_tag","embeddable":true,"href":"https:\/\/elpuebloelegidodigital.com\/web\/wp-json\/wp\/v2\/tags?post=4037"}],"curies":[{"name":"wp","href":"https:\/\/api.w.org\/{rel}","templated":true}]}}