{"id":4024,"date":"2025-08-11T11:55:27","date_gmt":"2025-08-11T14:55:27","guid":{"rendered":"https:\/\/elpuebloelegidodigital.com\/web\/?p=4024"},"modified":"2025-08-11T11:55:27","modified_gmt":"2025-08-11T14:55:27","slug":"salud-publica-recuerda-quienes-deben-recibir-la-vacuna-antigripal-y-refuerzos-por-covid-19-3","status":"publish","type":"post","link":"https:\/\/elpuebloelegidodigital.com\/web\/2025\/08\/11\/salud-publica-recuerda-quienes-deben-recibir-la-vacuna-antigripal-y-refuerzos-por-covid-19-3\/","title":{"rendered":"Salud P\u00fablica recuerda qui\u00e9nes deben recibir la vacuna antigripal y refuerzos por Covid-19"},"content":{"rendered":"<div class=\"row\">\n<div class=\"articulo-detalle-bajada\">\n<p><em>Las personas que se encuentran dentro del grupo de riesgo tienen que tener una dosis de antigripal y en cuanto a Covid-19, quienes hayan recibido su \u00faltima dosis con un intervalo de 6 meses o m\u00e1s, deben concurrir a las vacunatorios, independientemente del n\u00famero de aplicaciones con las que cuenten.<\/em><\/p>\n<\/div>\n<\/div>\n<div class=\"row\">\n<div class=\"articulo-detalle-contenido\">\n<p>El Ministerio de Salud P\u00fablica de la Provincia, a trav\u00e9s de la Direcci\u00f3n de Inmunizaciones, recuerda qui\u00e9nes deben recibir la\u00a0vacuna\u00a0antigripal y refuerzos por Covid-19. Adem\u00e1s, se insiste en completar el calendario de\u00a0vacunaci\u00f3n: las\u00a0vacunas son gratuitas y est\u00e1n disponibles en los centros de salud con\u00a0vacunatorios.<\/p>\n<p>En la Capital, las dosis antigripales est\u00e1n disponibles en los Centros de Atenci\u00f3n Primaria de la Salud (Caps), en las Salas de Atenci\u00f3n Primaria de la Salud (Saps) de la Municipalidad de Corrientes y en los\u00a0vacunatorios de los hospitales \u00c1ngela I. de Llano y pedi\u00e1trico Juan Pablo II. En tanto, en el interior las dosis est\u00e1n disponibles en los distintos\u00a0vacunatorios.<br \/>\n<strong>\u00bfQui\u00e9nes deben recibir la\u00a0vacuna\u00a0antigripal?<\/strong><br \/>\nPersonal de la salud, embarazadas: en cualquier momento de la gestaci\u00f3n, pu\u00e9rperas: hasta 10 d\u00edas despu\u00e9s del parto, si no la recibieron durante el embarazo, ni\u00f1os de 6 a 24 meses: deben recibir dos dosis separadas por al menos 4 semanas, ni\u00f1os y adultos de 2 a\u00f1os a 64 a\u00f1os con enfermedades: respiratorias, card\u00edacas, inmunodeficiencias cong\u00e9nitas o adquiridas, pacientes oncohematol\u00f3gicos y trasplantados; personas con obesidad, diab\u00e9ticos, y personas con insuficiencia renal cr\u00f3nica en di\u00e1lisis: deber\u00e1n presentar orden m\u00e9dica que acredite dicha condici\u00f3n y las personas mayores de 65 a\u00f1os.<br \/>\n<strong>\u00bfQui\u00e9nes deben recibir refuerzo de la\u00a0vacuna\u00a0contra el Covid-19?<\/strong><br \/>\nQuienes hayan recibido su \u00faltima dosis con un intervalo de 6 meses o m\u00e1s, deben concurrir a las\u00a0vacunatorios, independientemente del n\u00famero de aplicaciones con las que cuenten.<br \/>\n<strong>Cronograma<\/strong><\/p>\n<p>VACUNACI\u00d3N CALENDARIO REGULAR, COVID-19 Y ANTIGRIPAL (para poblaci\u00f3n de riesgo).<\/p>\n<p>De lunes a jueves de 8 a 12 y de 15 a 18 y s\u00e1bado de 9 a 12, en la Estaci\u00f3n Saludable de Plaza Cabral.<\/p>\n<p>Las dosis de antigripal est\u00e1n disponibles en Caps, Saps, hospitales y\u00a0vacunatorios de toda la provincia.<\/p>\n<p>Asistir con DNI, carnet de\u00a0vacunaci\u00f3n e indicaci\u00f3n m\u00e9dica en caso que corresponda (de 2 a 64 a\u00f1os con patolog\u00edas de riesgo).<\/p>\n<p>VACUNACI\u00d3N COVID-19 EN CAPS<br \/>\nDe lunes a jueves de 8 a 12 y de 14 a 18.<\/p>\n<p>-CAPS N\u00b0 1- San Jos\u00e9.<br \/>\n-CAPS N\u00b0 5- Dr. Monta\u00f1a.<br \/>\n-CAPS N\u00b0 9- 17 de Agosto.<br \/>\n-CAPS N\u00ba 14 Juan de Vera.<\/p>\n<p>Se recuerda concurrir con DNI y carnet de\u00a0vacunaci\u00f3n, en el caso de los menores acompa\u00f1ados por un adulto.<\/p>\n<p>Vale mencionar que estas campa\u00f1as en el interior se llevan adelante de forma articulada con los hospitales locales.<\/p>\n<\/div>\n<\/div>\n","protected":false},"excerpt":{"rendered":"<p>Las personas que se encuentran dentro del grupo de riesgo tienen que tener una dosis de antigripal y en cuanto a Covid-19, quienes hayan recibido su \u00faltima dosis con un intervalo de 6 meses o m\u00e1s, deben concurrir a las vacunatorios, independientemente del n\u00famero de aplicaciones con las que cuenten. El Ministerio de Salud P\u00fablica [&hellip;]<\/p>\n","protected":false},"author":2,"featured_media":4025,"comment_status":"closed","ping_status":"closed","sticky":false,"template":"","format":"standard","meta":{"footnotes":""},"categories":[56],"tags":[],"class_list":{"0":"post-4024","1":"post","2":"type-post","3":"status-publish","4":"format-standard","5":"has-post-thumbnail","7":"category-noticias-generales"},"_links":{"self":[{"href":"https:\/\/elpuebloelegidodigital.com\/web\/wp-json\/wp\/v2\/posts\/4024","targetHints":{"allow":["GET"]}}],"collection":[{"href":"https:\/\/elpuebloelegidodigital.com\/web\/wp-json\/wp\/v2\/posts"}],"about":[{"href":"https:\/\/elpuebloelegidodigital.com\/web\/wp-json\/wp\/v2\/types\/post"}],"author":[{"embeddable":true,"href":"https:\/\/elpuebloelegidodigital.com\/web\/wp-json\/wp\/v2\/users\/2"}],"replies":[{"embeddable":true,"href":"https:\/\/elpuebloelegidodigital.com\/web\/wp-json\/wp\/v2\/comments?post=4024"}],"version-history":[{"count":1,"href":"https:\/\/elpuebloelegidodigital.com\/web\/wp-json\/wp\/v2\/posts\/4024\/revisions"}],"predecessor-version":[{"id":4026,"href":"https:\/\/elpuebloelegidodigital.com\/web\/wp-json\/wp\/v2\/posts\/4024\/revisions\/4026"}],"wp:featuredmedia":[{"embeddable":true,"href":"https:\/\/elpuebloelegidodigital.com\/web\/wp-json\/wp\/v2\/media\/4025"}],"wp:attachment":[{"href":"https:\/\/elpuebloelegidodigital.com\/web\/wp-json\/wp\/v2\/media?parent=4024"}],"wp:term":[{"taxonomy":"category","embeddable":true,"href":"https:\/\/elpuebloelegidodigital.com\/web\/wp-json\/wp\/v2\/categories?post=4024"},{"taxonomy":"post_tag","embeddable":true,"href":"https:\/\/elpuebloelegidodigital.com\/web\/wp-json\/wp\/v2\/tags?post=4024"}],"curies":[{"name":"wp","href":"https:\/\/api.w.org\/{rel}","templated":true}]}}