{"id":4021,"date":"2025-08-11T11:54:01","date_gmt":"2025-08-11T14:54:01","guid":{"rendered":"https:\/\/elpuebloelegidodigital.com\/web\/?p=4021"},"modified":"2025-08-11T11:54:01","modified_gmt":"2025-08-11T14:54:01","slug":"pronostico-de-lluvias-para-sudamerica-perido-10-17-de-agosto-de-2025","status":"publish","type":"post","link":"https:\/\/elpuebloelegidodigital.com\/web\/2025\/08\/11\/pronostico-de-lluvias-para-sudamerica-perido-10-17-de-agosto-de-2025\/","title":{"rendered":"Pron\u00f3stico de lluvias para Sudam\u00e9rica: per\u00eddo 10-17 de agosto de 2025"},"content":{"rendered":"<p><img loading=\"lazy\" decoding=\"async\" class=\"alignnone size-full wp-image-4022\" src=\"https:\/\/elpuebloelegidodigital.com\/web\/wp-content\/uploads\/2025\/08\/Sin-titulo-5.png\" alt=\"\" width=\"2400\" height=\"1803\" srcset=\"https:\/\/elpuebloelegidodigital.com\/web\/wp-content\/uploads\/2025\/08\/Sin-titulo-5.png 2400w, https:\/\/elpuebloelegidodigital.com\/web\/wp-content\/uploads\/2025\/08\/Sin-titulo-5-80x60.png 80w, https:\/\/elpuebloelegidodigital.com\/web\/wp-content\/uploads\/2025\/08\/Sin-titulo-5-265x198.png 265w, https:\/\/elpuebloelegidodigital.com\/web\/wp-content\/uploads\/2025\/08\/Sin-titulo-5-696x523.png 696w, https:\/\/elpuebloelegidodigital.com\/web\/wp-content\/uploads\/2025\/08\/Sin-titulo-5-1068x802.png 1068w, https:\/\/elpuebloelegidodigital.com\/web\/wp-content\/uploads\/2025\/08\/Sin-titulo-5-559x420.png 559w\" sizes=\"auto, (max-width: 2400px) 100vw, 2400px\" \/><\/p>\n<p>Pron\u00f3stico de lluvias acumuladas para Sudam\u00e9rica entre el 10 y el 17 de agosto de 2025. Modelo ICON\/DWD (Alem\u00e1n).<br \/>\nPara Corrientes \u00a0se pronostican escasas precipitaciones, principalmente en el Sector Centro Este de la Provincia, donde los valores acumulados podrian llegar a los 25 mm.<\/p>\n","protected":false},"excerpt":{"rendered":"<p>Pron\u00f3stico de lluvias acumuladas para Sudam\u00e9rica entre el 10 y el 17 de agosto de 2025. Modelo ICON\/DWD (Alem\u00e1n). Para Corrientes \u00a0se pronostican escasas precipitaciones, principalmente en el Sector Centro Este de la Provincia, donde los valores acumulados podrian llegar a los 25 mm.<\/p>\n","protected":false},"author":2,"featured_media":4022,"comment_status":"closed","ping_status":"closed","sticky":false,"template":"","format":"standard","meta":{"footnotes":""},"categories":[56],"tags":[],"class_list":{"0":"post-4021","1":"post","2":"type-post","3":"status-publish","4":"format-standard","5":"has-post-thumbnail","7":"category-noticias-generales"},"_links":{"self":[{"href":"https:\/\/elpuebloelegidodigital.com\/web\/wp-json\/wp\/v2\/posts\/4021","targetHints":{"allow":["GET"]}}],"collection":[{"href":"https:\/\/elpuebloelegidodigital.com\/web\/wp-json\/wp\/v2\/posts"}],"about":[{"href":"https:\/\/elpuebloelegidodigital.com\/web\/wp-json\/wp\/v2\/types\/post"}],"author":[{"embeddable":true,"href":"https:\/\/elpuebloelegidodigital.com\/web\/wp-json\/wp\/v2\/users\/2"}],"replies":[{"embeddable":true,"href":"https:\/\/elpuebloelegidodigital.com\/web\/wp-json\/wp\/v2\/comments?post=4021"}],"version-history":[{"count":1,"href":"https:\/\/elpuebloelegidodigital.com\/web\/wp-json\/wp\/v2\/posts\/4021\/revisions"}],"predecessor-version":[{"id":4023,"href":"https:\/\/elpuebloelegidodigital.com\/web\/wp-json\/wp\/v2\/posts\/4021\/revisions\/4023"}],"wp:featuredmedia":[{"embeddable":true,"href":"https:\/\/elpuebloelegidodigital.com\/web\/wp-json\/wp\/v2\/media\/4022"}],"wp:attachment":[{"href":"https:\/\/elpuebloelegidodigital.com\/web\/wp-json\/wp\/v2\/media?parent=4021"}],"wp:term":[{"taxonomy":"category","embeddable":true,"href":"https:\/\/elpuebloelegidodigital.com\/web\/wp-json\/wp\/v2\/categories?post=4021"},{"taxonomy":"post_tag","embeddable":true,"href":"https:\/\/elpuebloelegidodigital.com\/web\/wp-json\/wp\/v2\/tags?post=4021"}],"curies":[{"name":"wp","href":"https:\/\/api.w.org\/{rel}","templated":true}]}}