{"id":4010,"date":"2025-08-11T11:47:10","date_gmt":"2025-08-11T14:47:10","guid":{"rendered":"https:\/\/elpuebloelegidodigital.com\/web\/?p=4010"},"modified":"2025-08-11T11:47:10","modified_gmt":"2025-08-11T14:47:10","slug":"el-gobernador-valdes-participo-de-la-15-fiesta-regional-del-cordero-en-lomas-de-vallejos","status":"publish","type":"post","link":"https:\/\/elpuebloelegidodigital.com\/web\/2025\/08\/11\/el-gobernador-valdes-participo-de-la-15-fiesta-regional-del-cordero-en-lomas-de-vallejos\/","title":{"rendered":"El gobernador Vald\u00e9s particip\u00f3 de la 15\u00b0 Fiesta Regional del Cordero en Lomas de Vallejos"},"content":{"rendered":"<p><strong>Este s\u00e1bado, el gobernador Gustavo Vald\u00e9s visit\u00f3 la localidad de Lomas de Vallejos para encabezar la 15\u00b0 edici\u00f3n de la Fiesta Regional del Cordero Lome\u00f1o, un evento que ya se ha consolidado como uno de los m\u00e1s convocantes del norte correntino. De tal manera, la Provincia apoya a esta fiesta como motor de desarrollo econ\u00f3mico y tur\u00edstico para la regi\u00f3n\u00a0y a la producci\u00f3n ovina, siendo una de las actividades con mayor proyecci\u00f3n para peque\u00f1os y medianos productores de la zona.<\/strong><\/p>\n<p><strong>La jornada, organizada por el municipio tras las celebraciones patronales, reuni\u00f3 a miles de vecinos y turistas que llegaron desde distintos puntos de la provincia\u00a0para disfrutar de un almuerzo comunitario gratuito, en el que se ofrecieron corderos a la estaca y guisos elaborados con productos locales. El evento estuvo acompa\u00f1ado de un festival musical con la participaci\u00f3n de reconocidos artistas de la m\u00fasica litorale\u00f1a, quienes\u00a0animaron la celebraci\u00f3n hasta entrada la tarde.<\/strong><\/p>\n<p><strong>Durante la jornada, el mandatario recorri\u00f3 el predio ferial, salud\u00f3 a las familias que compart\u00edan la mesa y dialog\u00f3 con los cocineros que trabajaron en la preparaci\u00f3n del almuerzo, reconociendo el esfuerzo y dedicaci\u00f3n que hacen posible esta fiesta. All\u00ed, se sent\u00f3 junto a los vecinos del pueblo degustando los platos de turno, como el guiso y el cordero a la estaca, \u00edcono gastron\u00f3mico de la celebraci\u00f3n, resaltando el valor de la producci\u00f3n ovina y la identidad culinaria de la regi\u00f3n.<\/strong><\/p>\n<p><strong>Intendenta\u00a0Chejovick<\/strong><\/p>\n<p><strong>En este contexto, la intendenta Marisa Roxana Chejovick destac\u00f3 el crecimiento sostenido del festival, que re\u00fane no solo a vecinos locales sino tambi\u00e9n a visitantes de toda la provincia. \u201cCada a\u00f1o tenemos m\u00e1s gente, m\u00e1s participaci\u00f3n y m\u00e1s trabajo para nuestra comunidad. Es una fiesta que mueve la econom\u00eda local: los vecinos alquilan sus casas, venden productos, y nuestros artesanos y emprendedores tienen la oportunidad de mostrar lo que hacen\u201d, se\u00f1al\u00f3.<\/strong><\/p>\n<p><strong>El evento, que tuvo como epicentro la preparaci\u00f3n de m\u00e1s de 400 corderos a la estaca y unos 3mil\u00a0litros del tradicional guiso lome\u00f1o, cuenta con la particularidad de que toda la producci\u00f3n proviene de la zona.<\/strong><\/p>\n<p><strong>La propuesta se complet\u00f3 con la actuaci\u00f3n de m\u00e1s de 30 conjuntos musicales \u2014entre chamam\u00e9, cumbia y otros estilos\u2014, junto a la participaci\u00f3n de artesanos locales.<\/strong><\/p>\n<p><strong>Chejovick, agradeci\u00f3 el acompa\u00f1amiento del gobernador Gustavo Vald\u00e9s, presente en todas las ediciones desde su gesti\u00f3n, y expres\u00f3 su expectativa de continuar con este apoyo provincial. \u201cEs un momento de alegr\u00eda, de encuentro y de trabajo para todos. Invitamos a quienes no vinieron este a\u00f1o a que nos visiten en 2026\u201d, concluy\u00f3.<\/strong><\/p>\n<p><strong>Presencias<\/strong><\/p>\n<p><strong>Acompa\u00f1aron a las autoridades, funcionarios provinciales, concejales municipales\u00a0y el intendente de Ituzaing\u00f3, Juan Pablo Vald\u00e9s.<\/strong><\/p>\n","protected":false},"excerpt":{"rendered":"<p>Este s\u00e1bado, el gobernador Gustavo Vald\u00e9s visit\u00f3 la localidad de Lomas de Vallejos para encabezar la 15\u00b0 edici\u00f3n de la Fiesta Regional del Cordero Lome\u00f1o, un evento que ya se ha consolidado como uno de los m\u00e1s convocantes del norte correntino. De tal manera, la Provincia apoya a esta fiesta como motor de desarrollo econ\u00f3mico [&hellip;]<\/p>\n","protected":false},"author":2,"featured_media":4011,"comment_status":"closed","ping_status":"closed","sticky":false,"template":"","format":"standard","meta":{"footnotes":""},"categories":[56],"tags":[],"class_list":{"0":"post-4010","1":"post","2":"type-post","3":"status-publish","4":"format-standard","5":"has-post-thumbnail","7":"category-noticias-generales"},"_links":{"self":[{"href":"https:\/\/elpuebloelegidodigital.com\/web\/wp-json\/wp\/v2\/posts\/4010","targetHints":{"allow":["GET"]}}],"collection":[{"href":"https:\/\/elpuebloelegidodigital.com\/web\/wp-json\/wp\/v2\/posts"}],"about":[{"href":"https:\/\/elpuebloelegidodigital.com\/web\/wp-json\/wp\/v2\/types\/post"}],"author":[{"embeddable":true,"href":"https:\/\/elpuebloelegidodigital.com\/web\/wp-json\/wp\/v2\/users\/2"}],"replies":[{"embeddable":true,"href":"https:\/\/elpuebloelegidodigital.com\/web\/wp-json\/wp\/v2\/comments?post=4010"}],"version-history":[{"count":2,"href":"https:\/\/elpuebloelegidodigital.com\/web\/wp-json\/wp\/v2\/posts\/4010\/revisions"}],"predecessor-version":[{"id":4013,"href":"https:\/\/elpuebloelegidodigital.com\/web\/wp-json\/wp\/v2\/posts\/4010\/revisions\/4013"}],"wp:featuredmedia":[{"embeddable":true,"href":"https:\/\/elpuebloelegidodigital.com\/web\/wp-json\/wp\/v2\/media\/4011"}],"wp:attachment":[{"href":"https:\/\/elpuebloelegidodigital.com\/web\/wp-json\/wp\/v2\/media?parent=4010"}],"wp:term":[{"taxonomy":"category","embeddable":true,"href":"https:\/\/elpuebloelegidodigital.com\/web\/wp-json\/wp\/v2\/categories?post=4010"},{"taxonomy":"post_tag","embeddable":true,"href":"https:\/\/elpuebloelegidodigital.com\/web\/wp-json\/wp\/v2\/tags?post=4010"}],"curies":[{"name":"wp","href":"https:\/\/api.w.org\/{rel}","templated":true}]}}