{"id":4004,"date":"2025-08-11T11:43:50","date_gmt":"2025-08-11T14:43:50","guid":{"rendered":"https:\/\/elpuebloelegidodigital.com\/web\/?p=4004"},"modified":"2025-08-11T11:43:50","modified_gmt":"2025-08-11T14:43:50","slug":"con-disertantes-nacionales-y-de-otros-paises-se-desarrolla-el-congreso-ecoturistico-del-litoral-en-bella-vista","status":"publish","type":"post","link":"https:\/\/elpuebloelegidodigital.com\/web\/2025\/08\/11\/con-disertantes-nacionales-y-de-otros-paises-se-desarrolla-el-congreso-ecoturistico-del-litoral-en-bella-vista\/","title":{"rendered":"Con disertantes nacionales y de otros pa\u00edses se desarrolla el Congreso Ecotur\u00edstico del Litoral en Bella Vista"},"content":{"rendered":"<div class=\"row\">\n<div class=\"articulo-detalle-volanta\">ORREDOR TUR\u00cdSTICO PARAN\u00c1 SUR<\/div>\n<div><\/div>\n<\/div>\n<div>\n<p>El Complejo Polideportivo \u201cJulio Cesar Cossani\u201d fue el lugar elegido para realizar el Tercer Congreso Ecotur\u00edstico del Litoral cuyo objetivo es fomentar el intercambio de conocimientos, experiencias y buenas pr\u00e1cticas entre diferentes del ecoturismo y del turismo regenerativo a nivel local, nacional e internacional.<\/p>\n<p>En este marco, se cont\u00f3 con la presencia de la ministra de Turismo Alejandra Eliciri, el senador Provincial y coordinador del Comit\u00e9 Iber\u00e1 Sergio Flinta y la Intendente de Bella Vista Noelia Bazzi: Asimismo, asistieron los subsecretarios de Turismo David Zajarevich y de Promoci\u00f3n e Inversiones Tur\u00edsticas Augusto Costaguta, la directora de Gesti\u00f3n Tur\u00edstica Mercedes Alegre, entre otros funcionarios de turismo municipales, referentes del sector acad\u00e9mico y cuerpo de guardaparques nacionales y provinciales. Vale mencionar que, adem\u00e1s de varios disertantes de distintos puntos de Corrientes y otros puntos de la Argentina, tambi\u00e9n estuvieron expertos en la materia de los pa\u00edses de Chile, M\u00e9xico y Brasil.<\/p>\n<p>En la apertura, Noelia Bazzi dio la bienvenida a su ciudad para despu\u00e9s agradecer a los disertantes, el equipo del Ministerio de Turismo y personal municipal. \u201cMuy bienvenidos y muchas gracias por estar, deseo que tengan \u00e9xito en sus exposiciones y por sobre todas las cosas, que sean experiencias productivas para ustedes, que de ac\u00e1 podemos sacar much\u00edsimo contenido y trabajo para el presente y para el futuro del turismo\u201d, expres\u00f3.<\/p>\n<p>En otro tramo de su discurso, la jefa comunal sostuvo: los bellavistenses hace varios a\u00f1os venimos trabajando muy fuertemente para consolidar a Bella Vista como un destino interesante dentro de la provincia y dentro de la regi\u00f3n; con una oferta tur\u00edstica muy diversa que est\u00e1 vinculada a otras cuestiones que tienen que ver con nuestra identidad hist\u00f3rica-cultural y con la reserva paleontol\u00f3gica Torop\u00ed. \u201cEstamos intentando diversificar nuestra oferta productiva para que sean cada vez m\u00e1s los turistas que nos elijan, para que cuando vengan a visitar Bella Vista, encuentren una ciudad que ofrece muchas alternativas\u201d, destac\u00f3.<\/p>\n<p>Por otra parte, agreg\u00f3 que les falta un mont\u00f3n en materia tur\u00edstica y mencion\u00f3: &#8220;creo que venimos por el camino correcto y que trabajando todos juntos y en conjunto. Con la provincia seguiremos creciendo en materia tur\u00edstica y podremos potenciar a Bella Vista y hacer crecer a esta ciudad, la de los mejores atardeceres, de la mano del turismo\u201d.<\/p>\n<p>A su turno, Sergio Flinta remarc\u00f3: \u201cqueremos brindarles una excelente presentaci\u00f3n, pero adem\u00e1s quiero decirles que es el tercer evento consecutivo que materializamos en la geograf\u00eda provincial, estamos hablando de ejes centrales que tienen que ver con la conservaci\u00f3n, la regeneraci\u00f3n y la restauraci\u00f3n de un ambiente. \u201cLo que venimos a contar es de qu\u00e9 manera convertimos los Esteros del Iber\u00e1 en nuestro gran humedal de la Rep\u00fablica Argentina\u201d, detall\u00f3.<\/p>\n<p>Adem\u00e1s, el senador Provincial se refiri\u00f3 al hecho de brindar informaci\u00f3n de c\u00f3mo se gener\u00f3 las pol\u00edticas p\u00fablicas para brindar el desarrollo social y como hoy se habla a partir de todo lo que se ha realizado en la conservaci\u00f3n, la restauraci\u00f3n y la recreaci\u00f3n de un medio ambiente que no solamente cumpli\u00f3 una tarea social en una econom\u00eda que se ha generado, sino tambi\u00e9n una funci\u00f3n ecosist\u00e9mica.<\/p>\n<p>Finalmente, la Ministra de Turismo agradeci\u00f3 la presencia de todos y por supuesto a la ciudad de Bellavista y a su personal de la municipalidad que se puso a disposici\u00f3n desde el primer d\u00eda en que se decidi\u00f3 por votaci\u00f3n elegir a Bella Vista como sede de este tercer Congreso. En este marco, la funcionaria dio a conocer que este encuentro es el espacio propicio en donde se generan intercambios de educaci\u00f3n, diferentes experiencias y se puede hablar de temas como son los que abarcan los t\u00e9rminos de conservaci\u00f3n, restauraci\u00f3n y regeneraci\u00f3n.<\/p>\n<p>La Provincia de Corrientes en materia de conservaci\u00f3n es pionera porque lo ha establecido como una pol\u00edtica de Estado en donde nuestros recursos naturales y patrimonio son importantes y no solamente lo conservamos, lo restauramos en el momento que los tenemos que restaurar y regeneramos. Y para finalizar agreg\u00f3, \u201cdeseo que pasen la mejor jornada, que sea muy provechosa para ustedes. Pido un gran aplauso para todo el equipo del Ministerio de Turismo y del municipio que se han encargado de poder realizar este evento.<\/p>\n<p>&nbsp;<\/p>\n<p><strong>Programa<\/strong><\/p>\n<p>La programaci\u00f3n incluy\u00f3 diversos temas tales como Turismo Regenerativo: el impacto en los territorios, Turismo y Conservaci\u00f3n. Plan de Desarrollo de la Reserva Natural Isor\u00f3. Plan Iber\u00e1. Ruta de las Aves de Misiones. El Modelo Ecotur\u00edstico de Villa Ocampo Coraz\u00f3n del Jaaukanig\u00e1s.<\/p>\n<p>Luego, Panel de Experiencias: Desarrollo de oferta local, basado en pol\u00edticas de Estado: Isla de las Damas (Goya), Reserva Municipal Santa Catalina (Corrientes) y Entre Humedales. Presentaci\u00f3n: Anfitriones de Experiencias Significativas. Establecimiento Las Mar\u00edas: \u201cIndustria, Comunidad y Naturaleza\u201d. Panel de experiencia: Desarrollo de la oferta basado en asistencias t\u00e9cnicas y nuevas tendencias de la demanda: Senderos del Paran\u00e1 y Astroturismo en Iber\u00e1.<\/p>\n<p>En la continuidad del Congreso la programaci\u00f3n prev\u00e9 la presentaci\u00f3n de la Galer\u00eda Colectiva de Experiencias. Encuentro con Aves. Chamam\u00e9 con Conciencia Ambiental &#8211; M\u00fasica para la Conservaci\u00f3n del Patrimonio Iber\u00e1. El Sabor del Cielo en Iber\u00e1. Iber\u00e1 Libre. Corredor Tur\u00edstico Ruta Provincial N\u00b05. Herramientas de Conservaci\u00f3n y Desarrollo Local. Club de Naturaleza.\u00a0 Adem\u00e1s, la presentaci\u00f3n Transformando o Turismo para un futuro regenerativo. Panel de experiencias: Revalorizaci\u00f3n del acervo y patrimonio cultural: Circuito gastron\u00f3mico Tembiu\u00b4heva. Circuito Hist\u00f3rico: Experiencia Yapey\u00fa-Viv\u00ed Yapey\u00fa. Senderismo Torop\u00ed, City Tour y Bicy Tour. Presentaci\u00f3n: Iber\u00e1, Coraz\u00f3n del Corredor de Naturaleza. Panel de Experiencias: Aportes a la Gesti\u00f3n Tur\u00edstica- Cultural desde la educaci\u00f3n en tiempos actuales. Pol\u00edtica institucional, museos y desarrollo de turismo cultural. Propuesta Complejo tur\u00edstico Nayic en Campo del Cielo. Que las aguas sigan brillando en el Iber\u00e1: m\u00e1s que una expresi\u00f3n de deseo. Presentaci\u00f3n: Programa Best Tourism Villages en Argentina: \u201cUna mirada estrat\u00e9gica para la jerarquizaci\u00f3n de pueblos tur\u00edsticos en entornos rurales. Presentaci\u00f3n: Propuesta Ecoturismo Municipal en Bella Vista. Torop\u00ed: Experiencias Educativas, Culturales y Tur\u00edsticas en el Patrimonio Paleontol\u00f3gico de Bella Vista. Presentaci\u00f3n Desarrollo Local Inclusivo y Sostenible en Iber\u00e1. Panel de experiencias: Desde la gesti\u00f3n privada a la oferta local basada en la sostenibilidad. Turismo que deja Ra\u00edces. Ecoturismo en Reserva Naturales Privadas Argentinas. Puesto Yohaza. Panel de Experiencias: Cocineros y Artesanos de Iber\u00e1. Panel de Experiencias: Desde la gesti\u00f3n p\u00fablica con la sostenibilidad ambiental como forma de vida. Centro de Conservaci\u00f3n Aguar\u00e1. Reserva Tajy poty. Presentaci\u00f3n: Una oportunidad para el desarrollo del ecoturismo\u201d Emprendedores somos Todos. Panel de experiencias: Patrimonio cultural, uso racional y sostenibilidad: El uso del t\u00edtere como herramienta dinamizadora cultural y econ\u00f3mica del turismo local. El sello Correntino de Calidad Tur\u00edstica y su aplicaci\u00f3n a la experiencia en el Centro de Interpretaci\u00f3n Casa Ibera. Viajes con Prop\u00f3sito. Portal Laguna Iber\u00e1.<\/p>\n<p>Panel de experiencias Construyendo un Turismo Sustentable en Corrientes: Gesti\u00f3n Local con Perspectiva de Futuro. Redes que conectan naturaleza, el poder de la comunicaci\u00f3n digital en el ecoturismo del Litoral. Sendero de Mantilla. Turismo y Deporte: Cambyreta Trail Running.<\/p>\n<p>Cierre y conclusiones \u2013 feria gastron\u00f3mica \u2013 noche libre- cierre jornada.<\/p>\n<\/div>\n<div class=\"row\">\n<div class=\"articulo-detalle-titulo\"><\/div>\n<\/div>\n","protected":false},"excerpt":{"rendered":"<p>ORREDOR TUR\u00cdSTICO PARAN\u00c1 SUR El Complejo Polideportivo \u201cJulio Cesar Cossani\u201d fue el lugar elegido para realizar el Tercer Congreso Ecotur\u00edstico del Litoral cuyo objetivo es fomentar el intercambio de conocimientos, experiencias y buenas pr\u00e1cticas entre diferentes del ecoturismo y del turismo regenerativo a nivel local, nacional e internacional. En este marco, se cont\u00f3 con la [&hellip;]<\/p>\n","protected":false},"author":2,"featured_media":4005,"comment_status":"closed","ping_status":"closed","sticky":false,"template":"","format":"standard","meta":{"footnotes":""},"categories":[56],"tags":[],"class_list":{"0":"post-4004","1":"post","2":"type-post","3":"status-publish","4":"format-standard","5":"has-post-thumbnail","7":"category-noticias-generales"},"_links":{"self":[{"href":"https:\/\/elpuebloelegidodigital.com\/web\/wp-json\/wp\/v2\/posts\/4004","targetHints":{"allow":["GET"]}}],"collection":[{"href":"https:\/\/elpuebloelegidodigital.com\/web\/wp-json\/wp\/v2\/posts"}],"about":[{"href":"https:\/\/elpuebloelegidodigital.com\/web\/wp-json\/wp\/v2\/types\/post"}],"author":[{"embeddable":true,"href":"https:\/\/elpuebloelegidodigital.com\/web\/wp-json\/wp\/v2\/users\/2"}],"replies":[{"embeddable":true,"href":"https:\/\/elpuebloelegidodigital.com\/web\/wp-json\/wp\/v2\/comments?post=4004"}],"version-history":[{"count":1,"href":"https:\/\/elpuebloelegidodigital.com\/web\/wp-json\/wp\/v2\/posts\/4004\/revisions"}],"predecessor-version":[{"id":4006,"href":"https:\/\/elpuebloelegidodigital.com\/web\/wp-json\/wp\/v2\/posts\/4004\/revisions\/4006"}],"wp:featuredmedia":[{"embeddable":true,"href":"https:\/\/elpuebloelegidodigital.com\/web\/wp-json\/wp\/v2\/media\/4005"}],"wp:attachment":[{"href":"https:\/\/elpuebloelegidodigital.com\/web\/wp-json\/wp\/v2\/media?parent=4004"}],"wp:term":[{"taxonomy":"category","embeddable":true,"href":"https:\/\/elpuebloelegidodigital.com\/web\/wp-json\/wp\/v2\/categories?post=4004"},{"taxonomy":"post_tag","embeddable":true,"href":"https:\/\/elpuebloelegidodigital.com\/web\/wp-json\/wp\/v2\/tags?post=4004"}],"curies":[{"name":"wp","href":"https:\/\/api.w.org\/{rel}","templated":true}]}}