{"id":4001,"date":"2025-07-28T08:39:30","date_gmt":"2025-07-28T11:39:30","guid":{"rendered":"https:\/\/elpuebloelegidodigital.com\/web\/?p=4001"},"modified":"2025-07-28T08:39:30","modified_gmt":"2025-07-28T11:39:30","slug":"la-bendicion-de-orar-temprano-en-la-manana","status":"publish","type":"post","link":"https:\/\/elpuebloelegidodigital.com\/web\/2025\/07\/28\/la-bendicion-de-orar-temprano-en-la-manana\/","title":{"rendered":"La bendici\u00f3n de orar temprano en la ma\u00f1ana"},"content":{"rendered":"<p>La bendici\u00f3n de orar temprano en la ma\u00f1ana<\/p>\n<p>\u201c&#8230;En la ma\u00f1ana busco de todo coraz\u00f3n a Dios&#8230;\u201d, Isa\u00edas 26:9 (NTV).<\/p>\n<p>El diablo, el sistema mundo y la carne se han aliado para que fracases en tu vida espiritual. Desarrollar una relaci\u00f3n \u00edntima con Dios demanda toda nuestra atenci\u00f3n y mucha energ\u00eda. Por tal motivo te sugerimos programar una cita con Dios todos los d\u00edas del a\u00f1o. T\u00fa puedes elegir el momento, pero nuestro consejo es que lo hagas bien temprano y antes de iniciar tu jornada laboral; dale al Se\u00f1or tus mejores fuerzas y tus primeras horas. Busca un sitio sin interrupciones, apaga el celular e int\u00e9rnate en el lugar donde Dios est\u00e1, donde Dios escucha, donde Dios habla y te protege: \u00a1el lugar secreto! Que \u00c9l sea tu primera cita y nunca salgas a la vida para enfrentar las dificultades propias del hombre sin antes haber visto el rostro de DIOS.<br \/>\nDios manifiesta una preferencia especial por darse a conocer y revelar sus planes en ese momento del d\u00eda, en esa primera cita. Es all\u00ed donde se reciben las nuevas revelaciones y donde nuevas oportunidades son creadas. Muchas de las cosas realmente significativas en nuestras vidas y ministerio comenzaron bien temprano en la ma\u00f1ana en nuestra carpa del encuentro. \u00bfCasualidad? Para David, Dios era la prioridad en su agenda diaria: \u201c&#8230;Con ansias te busco desde que amanece, como quien busca una fuente en el m\u00e1s ardiente desierto\u201d, Salmo 63:1 (TLA); Salmo 5:3. Observa la pasi\u00f3n de la b\u00fasqueda: \u201c&#8230;Yo te busco intensamente. Mi alma tiene sed de ti; todo mi ser te anhela, cual tierra seca, extenuada y sedienta\u201d, Salmo 63:1 (BAD). La oraci\u00f3n incesante y apasionada de la ma\u00f1ana tiene alt\u00edsimo valor.<br \/>\nAbraham \u201cse levant\u00f3 muy de ma\u00f1ana\u201d para ofrecer adoraci\u00f3n a Dios y debe haber sido habitual pues a su hijo Isaac no le pareci\u00f3 extra\u00f1o que su pap\u00e1 lo levantara tan temprano a adorar a Dios, G\u00e9nesis 22:3. Es triste, pero hay que decirlo. \u00bfCu\u00e1ntos hijos son desafiados a la fe apasionada al ver a sus padres clamar en las madrugadas? Muchos cumplen extenuantes jornadas laborales y est\u00e1n dispuestos a sobre turnos para incrementar el sueldo del mes. \u00bfPero cu\u00e1ntos est\u00e1n dispuestos y, de hecho lo hacen, a levantarse bien temprano para adorar e interceder? Jam\u00e1s descuidemos la oraci\u00f3n de la ma\u00f1ana en la carpa del encuentro, si en verdad amamos a Dios y anhelamos el bien de nuestra familia porque ungidas revelaciones y manifestaciones poderosas del Se\u00f1or coronar\u00e1n esa b\u00fasqueda apasionada.<\/p>\n<p>Extra\u00eddo de: Un nuevo a\u00f1o, una nueva vida, una nueva oportunidad &#8211; Encuentros diarios con el Esp\u00edritu Santo \/ Jos\u00e9 Luis y Silvia Cinalli. Lo puedes adquirir en www.libreriadelaciudad.com<\/p>\n","protected":false},"excerpt":{"rendered":"<p>La bendici\u00f3n de orar temprano en la ma\u00f1ana \u201c&#8230;En la ma\u00f1ana busco de todo coraz\u00f3n a Dios&#8230;\u201d, Isa\u00edas 26:9 (NTV). El diablo, el sistema mundo y la carne se han aliado para que fracases en tu vida espiritual. Desarrollar una relaci\u00f3n \u00edntima con Dios demanda toda nuestra atenci\u00f3n y mucha energ\u00eda. Por tal motivo te [&hellip;]<\/p>\n","protected":false},"author":2,"featured_media":4002,"comment_status":"closed","ping_status":"closed","sticky":false,"template":"","format":"standard","meta":{"footnotes":""},"categories":[70,56,67],"tags":[],"class_list":{"0":"post-4001","1":"post","2":"type-post","3":"status-publish","4":"format-standard","5":"has-post-thumbnail","7":"category-iglesias","8":"category-noticias-generales","9":"category-refelxiones"},"_links":{"self":[{"href":"https:\/\/elpuebloelegidodigital.com\/web\/wp-json\/wp\/v2\/posts\/4001","targetHints":{"allow":["GET"]}}],"collection":[{"href":"https:\/\/elpuebloelegidodigital.com\/web\/wp-json\/wp\/v2\/posts"}],"about":[{"href":"https:\/\/elpuebloelegidodigital.com\/web\/wp-json\/wp\/v2\/types\/post"}],"author":[{"embeddable":true,"href":"https:\/\/elpuebloelegidodigital.com\/web\/wp-json\/wp\/v2\/users\/2"}],"replies":[{"embeddable":true,"href":"https:\/\/elpuebloelegidodigital.com\/web\/wp-json\/wp\/v2\/comments?post=4001"}],"version-history":[{"count":1,"href":"https:\/\/elpuebloelegidodigital.com\/web\/wp-json\/wp\/v2\/posts\/4001\/revisions"}],"predecessor-version":[{"id":4003,"href":"https:\/\/elpuebloelegidodigital.com\/web\/wp-json\/wp\/v2\/posts\/4001\/revisions\/4003"}],"wp:featuredmedia":[{"embeddable":true,"href":"https:\/\/elpuebloelegidodigital.com\/web\/wp-json\/wp\/v2\/media\/4002"}],"wp:attachment":[{"href":"https:\/\/elpuebloelegidodigital.com\/web\/wp-json\/wp\/v2\/media?parent=4001"}],"wp:term":[{"taxonomy":"category","embeddable":true,"href":"https:\/\/elpuebloelegidodigital.com\/web\/wp-json\/wp\/v2\/categories?post=4001"},{"taxonomy":"post_tag","embeddable":true,"href":"https:\/\/elpuebloelegidodigital.com\/web\/wp-json\/wp\/v2\/tags?post=4001"}],"curies":[{"name":"wp","href":"https:\/\/api.w.org\/{rel}","templated":true}]}}