{"id":3712,"date":"2025-01-14T10:09:21","date_gmt":"2025-01-14T13:09:21","guid":{"rendered":"https:\/\/elpuebloelegidodigital.com\/web\/?p=3712"},"modified":"2025-01-14T10:09:21","modified_gmt":"2025-01-14T13:09:21","slug":"ante-la-ola-de-calor-piden-no-ingresar-a-rios-ni-lagunas-no-habilitadas","status":"publish","type":"post","link":"https:\/\/elpuebloelegidodigital.com\/web\/2025\/01\/14\/ante-la-ola-de-calor-piden-no-ingresar-a-rios-ni-lagunas-no-habilitadas\/","title":{"rendered":"Ante la ola de calor, piden no ingresar a r\u00edos ni lagunas no habilitadas"},"content":{"rendered":"<p><span class=\"header\">VERANO CALUROSO<\/span><\/p>\n<h1>Ante la ola de calor, piden no ingresar a r\u00edos ni lagunas no habilitadas<\/h1>\n<div>\n<p>Esta semana, se esperan altas temperaturas en la provincia, por lo cual la Polic\u00eda advierte a la comunidad sobre los medios acu\u00e1ticos no habilitados.<\/p>\n<h3><strong>Desde la Polic\u00eda del Chaco advierten a los ciudadanos que est\u00e1 prohibido el ingreso a r\u00edos, reservas o lagunas dentro de la provincia, a menos que est\u00e9n habilitados como balnearios, por orden municipal. Si no es as\u00ed, no deben ingresar al agua.<\/strong><\/h3>\n<p>&#8220;Tu seguridad es primero, evita accidentes y segu\u00ed siempre las recomendaciones de seguridad&#8221;, indicaron desde la instituci\u00f3n.<\/p>\n<div class=\"autopromo\" data-role=\"promo-target\" data-unit=\"2\"><\/div>\n<p>Adem\u00e1s, brindaron una serie de recomendaciones de seguridad para aquellos que asistan a piletas p\u00fablicas o natatorios:<\/p>\n<ul>\n<li>No correr por los bordes<\/li>\n<li>Respetar los niveles de profundidad<\/li>\n<li>Los adultos deben velar por la seguridad de los menores de edad<\/li>\n<li>Ingresar a medios acu\u00e1ticos habilitados<\/li>\n<\/ul>\n<\/div>\n","protected":false},"excerpt":{"rendered":"<p>VERANO CALUROSO Ante la ola de calor, piden no ingresar a r\u00edos ni lagunas no habilitadas Esta semana, se esperan altas temperaturas en la provincia, por lo cual la Polic\u00eda advierte a la comunidad sobre los medios acu\u00e1ticos no habilitados. Desde la Polic\u00eda del Chaco advierten a los ciudadanos que est\u00e1 prohibido el ingreso a [&hellip;]<\/p>\n","protected":false},"author":2,"featured_media":3713,"comment_status":"closed","ping_status":"closed","sticky":false,"template":"","format":"standard","meta":{"footnotes":""},"categories":[56],"tags":[],"class_list":{"0":"post-3712","1":"post","2":"type-post","3":"status-publish","4":"format-standard","5":"has-post-thumbnail","7":"category-noticias-generales"},"_links":{"self":[{"href":"https:\/\/elpuebloelegidodigital.com\/web\/wp-json\/wp\/v2\/posts\/3712","targetHints":{"allow":["GET"]}}],"collection":[{"href":"https:\/\/elpuebloelegidodigital.com\/web\/wp-json\/wp\/v2\/posts"}],"about":[{"href":"https:\/\/elpuebloelegidodigital.com\/web\/wp-json\/wp\/v2\/types\/post"}],"author":[{"embeddable":true,"href":"https:\/\/elpuebloelegidodigital.com\/web\/wp-json\/wp\/v2\/users\/2"}],"replies":[{"embeddable":true,"href":"https:\/\/elpuebloelegidodigital.com\/web\/wp-json\/wp\/v2\/comments?post=3712"}],"version-history":[{"count":1,"href":"https:\/\/elpuebloelegidodigital.com\/web\/wp-json\/wp\/v2\/posts\/3712\/revisions"}],"predecessor-version":[{"id":3714,"href":"https:\/\/elpuebloelegidodigital.com\/web\/wp-json\/wp\/v2\/posts\/3712\/revisions\/3714"}],"wp:featuredmedia":[{"embeddable":true,"href":"https:\/\/elpuebloelegidodigital.com\/web\/wp-json\/wp\/v2\/media\/3713"}],"wp:attachment":[{"href":"https:\/\/elpuebloelegidodigital.com\/web\/wp-json\/wp\/v2\/media?parent=3712"}],"wp:term":[{"taxonomy":"category","embeddable":true,"href":"https:\/\/elpuebloelegidodigital.com\/web\/wp-json\/wp\/v2\/categories?post=3712"},{"taxonomy":"post_tag","embeddable":true,"href":"https:\/\/elpuebloelegidodigital.com\/web\/wp-json\/wp\/v2\/tags?post=3712"}],"curies":[{"name":"wp","href":"https:\/\/api.w.org\/{rel}","templated":true}]}}