{"id":3687,"date":"2024-12-20T10:18:12","date_gmt":"2024-12-20T13:18:12","guid":{"rendered":"https:\/\/elpuebloelegidodigital.com\/web\/?p=3687"},"modified":"2024-12-20T10:18:12","modified_gmt":"2024-12-20T13:18:12","slug":"se-inicia-el-pago-de-sueldos-para-los-trabajadores-provinciales","status":"publish","type":"post","link":"https:\/\/elpuebloelegidodigital.com\/web\/2024\/12\/20\/se-inicia-el-pago-de-sueldos-para-los-trabajadores-provinciales\/","title":{"rendered":"Se inicia el pago de sueldos para los trabajadores provinciales"},"content":{"rendered":"<p>El gobernador Gustavo Vald\u00e9s, dio a conocer el cronograma de liquidaci\u00f3n de haberes de los empleados de de la administraci\u00f3n p\u00fablica provincial activos, jubilados y pensionados. Se abonar\u00e1 entre el lunes 23 y el lunes 30, por terminaci\u00f3n de DN1.<\/p>\n<p>De manera que a partir del pr\u00f3ximo lunes 23, previo a la Nochebuena, los sueldos de diciembre le ser\u00e1n abonados a los agentes de la administraci\u00f3n p\u00fablica provincial, tanto a los que se encuentran en actividad, como a los jubilados y pensionados.<\/p>\n<p>El primer d\u00eda de cobro de haberes ser\u00e1 para los agentes con Documento Nacional de Identidad terminados en 0 y 1. Este tramo estar\u00e1 disponible desde este s\u00e1bado 21, a trav\u00e9s de los cajeros autom\u00e1ticos del Banco de Corrientes SA.<\/p>\n<p>El segundo tramo se paga el martes 24, v\u00edspera de Navidad, d\u00eda que cobrar\u00e1n los agentes con DNI finalizados en 2 y 3. El jueves 26, ser\u00e1 el turno de aquellos con documentos finalizados en 4 y 5; este tramo estar\u00e1 disponible desde el mi\u00e9rcoles 25.<\/p>\n<p>El cronograma contin\u00faa el viernes 27, jornada en que se pagar\u00e1 a los agentes con DNI terminados en 6 y 7. El pago del sueldo de diciembre terminar\u00e1 el lunes 30, d\u00eda en que percibir\u00e1n aquellos con documentos finalizados en 8 y 9; tramo disponible desde el s\u00e1bado 28.<\/p>\n<p><img decoding=\"async\" src=\"https:\/\/www.diarioellibertador.com.ar\/wp-content\/uploads\/2024\/12\/2cbd6430115823180245843b248fb25c.jpg\" \/><\/p>\n","protected":false},"excerpt":{"rendered":"<p>El gobernador Gustavo Vald\u00e9s, dio a conocer el cronograma de liquidaci\u00f3n de haberes de los empleados de de la administraci\u00f3n p\u00fablica provincial activos, jubilados y pensionados. Se abonar\u00e1 entre el lunes 23 y el lunes 30, por terminaci\u00f3n de DN1. De manera que a partir del pr\u00f3ximo lunes 23, previo a la Nochebuena, los sueldos [&hellip;]<\/p>\n","protected":false},"author":2,"featured_media":3688,"comment_status":"closed","ping_status":"closed","sticky":false,"template":"","format":"standard","meta":{"footnotes":""},"categories":[56],"tags":[],"class_list":{"0":"post-3687","1":"post","2":"type-post","3":"status-publish","4":"format-standard","5":"has-post-thumbnail","7":"category-noticias-generales"},"_links":{"self":[{"href":"https:\/\/elpuebloelegidodigital.com\/web\/wp-json\/wp\/v2\/posts\/3687","targetHints":{"allow":["GET"]}}],"collection":[{"href":"https:\/\/elpuebloelegidodigital.com\/web\/wp-json\/wp\/v2\/posts"}],"about":[{"href":"https:\/\/elpuebloelegidodigital.com\/web\/wp-json\/wp\/v2\/types\/post"}],"author":[{"embeddable":true,"href":"https:\/\/elpuebloelegidodigital.com\/web\/wp-json\/wp\/v2\/users\/2"}],"replies":[{"embeddable":true,"href":"https:\/\/elpuebloelegidodigital.com\/web\/wp-json\/wp\/v2\/comments?post=3687"}],"version-history":[{"count":1,"href":"https:\/\/elpuebloelegidodigital.com\/web\/wp-json\/wp\/v2\/posts\/3687\/revisions"}],"predecessor-version":[{"id":3689,"href":"https:\/\/elpuebloelegidodigital.com\/web\/wp-json\/wp\/v2\/posts\/3687\/revisions\/3689"}],"wp:featuredmedia":[{"embeddable":true,"href":"https:\/\/elpuebloelegidodigital.com\/web\/wp-json\/wp\/v2\/media\/3688"}],"wp:attachment":[{"href":"https:\/\/elpuebloelegidodigital.com\/web\/wp-json\/wp\/v2\/media?parent=3687"}],"wp:term":[{"taxonomy":"category","embeddable":true,"href":"https:\/\/elpuebloelegidodigital.com\/web\/wp-json\/wp\/v2\/categories?post=3687"},{"taxonomy":"post_tag","embeddable":true,"href":"https:\/\/elpuebloelegidodigital.com\/web\/wp-json\/wp\/v2\/tags?post=3687"}],"curies":[{"name":"wp","href":"https:\/\/api.w.org\/{rel}","templated":true}]}}