{"id":3653,"date":"2024-12-20T07:54:43","date_gmt":"2024-12-20T10:54:43","guid":{"rendered":"https:\/\/elpuebloelegidodigital.com\/web\/?p=3653"},"modified":"2024-12-20T07:54:43","modified_gmt":"2024-12-20T10:54:43","slug":"entre-vision-y-mision-existe-preparacion","status":"publish","type":"post","link":"https:\/\/elpuebloelegidodigital.com\/web\/2024\/12\/20\/entre-vision-y-mision-existe-preparacion\/","title":{"rendered":"Entre visi\u00f3n y misi\u00f3n existe preparaci\u00f3n"},"content":{"rendered":"<p>Entre visi\u00f3n y misi\u00f3n existe preparaci\u00f3n<\/p>\n<p>El ministerio p\u00fablico de Juan el Bautista apenas dur\u00f3 seis meses. Nunca hizo un milagro y su predicaci\u00f3n no era muy alentadora, m\u00e1s bien aterradora: \u201c\u00a1Ustedes son unas v\u00edboras!&#8230;, Lucas 3:7 (TLA). Sin embargo, conquistaba multitudes, Mateo 3:5. \u00bfC\u00f3mo es posible que un hombre que sali\u00f3 de la \u2018nada\u2019, tuviera semejante poder de convocatoria? He aqu\u00ed la respuesta: \u201c&#8230;Vino palabra de Dios a Juan&#8230; en el desierto&#8230; Y \u00e9l fue&#8230;\u201d, Lucas 3:2-3. Primero el llamado, luego la misi\u00f3n.<br \/>\nLa vida cristiana no consiste en hacer cosas para Dios, sino en hacer lo que Dios ha pedido. A Abraham le orden\u00f3 salir de su tierra; a No\u00e9 construir el arca; a Jon\u00e1s profetizar en N\u00ednive; a Samuel ungir a David y a Pablo predicar a los gentiles. El \u00e9nfasis no est\u00e1 en el hombre sino en lo que Dios los invit\u00f3 a hacer.<br \/>\nAhora bien, existen dos llamados. Uno general, para todas las personas, en todas partes y en todo lugar. \u00bfA qu\u00e9 nos llama Dios? No a hacer algo (una tarea), sino a ser alguien (una persona santa). Nos llama a ser sus disc\u00edpulos, Romanos 1:6; Marcos 3:13-14. Y a vivir una vida nueva en un reino nuevo, Colosenses 3:15; 1\u00aa Corintios 1:2; Romanos 1:7; 1\u00aa Tesalonicenses 4:7. Tambi\u00e9n existe un llamado particular, para determinadas personas y en ocasiones definidas. El llamado general podr\u00eda coincidir con el llamado particular, como en el caso de Pablo (Hechos 26:12-18). O no, como ocurri\u00f3 con Jon\u00e1s, a quien Dios envi\u00f3 a N\u00ednive, muchos a\u00f1os despu\u00e9s de su conversi\u00f3n. \u00bfQu\u00e9 hicieron todas las personas cuyo llamado particular fue diferido en el tiempo? Se prepararon. Fueron capacitadas en el desierto (retiro).<br \/>\nDios prometi\u00f3 a Jos\u00e9 una posici\u00f3n encumbrada (G\u00e9nesis 37:2, 5-10), pero eso ocurri\u00f3 13 a\u00f1os despu\u00e9s (G\u00e9nesis 37:2 y 41:46). Mois\u00e9s fue llamado a los 40 a\u00f1os (Hechos 7:20-37), pero comenz\u00f3 a liderar reci\u00e9n cuando ten\u00eda 80 a\u00f1os (Hechos 7:30). David fue ungido por Samuel para ser rey a los 17 a\u00f1os (1\u00ba Samuel 16), pero fue efectivamente l\u00edder de la naci\u00f3n 20 a\u00f1os despu\u00e9s (2\u00ba Samuel 5:1-5). Juan el Bautista sab\u00eda cu\u00e1l era su misi\u00f3n desde antes de nacer (Lucas 1:13-17), pero a los 30 a\u00f1os comenz\u00f3 a predicar (Lucas 3). Pablo fue llamado a ser ap\u00f3stol a los gentiles en el momento de la conversi\u00f3n (Hechos 9:1-16) y reci\u00e9n 14 a\u00f1os despu\u00e9s emprendi\u00f3 su primer viaje misionero (Hechos 13).<\/p>\n<p>\u201cAmado Se\u00f1or, perd\u00f3n por desperdiciar el tiempo. Perd\u00f3n por no prepararme para la misi\u00f3n que t\u00fa tienes en el futuro. Hoy decido cambiar mi rutina y darte lo mejor de mis fuerzas y energ\u00edas. Usar\u00e9 cada oportunidad para crecer. Oro en el nombre de Jes\u00fas. Am\u00e9n\u201d.<\/p>\n<p>&#8211;<br \/>\nExtra\u00eddo de Una vida de intimidad con Dios : libro devocional de 365 d\u00edas \/ Jos\u00e9 Luis y Silvia de Cinalli. Lo puedes adquirir en www.libreriadelaciudad.com<br \/>\n#palabradedios #Dios #BuenosDias #vida #fe #consejos #BuenosDias #espiritualidad #devocional<\/p>\n","protected":false},"excerpt":{"rendered":"<p>Entre visi\u00f3n y misi\u00f3n existe preparaci\u00f3n El ministerio p\u00fablico de Juan el Bautista apenas dur\u00f3 seis meses. Nunca hizo un milagro y su predicaci\u00f3n no era muy alentadora, m\u00e1s bien aterradora: \u201c\u00a1Ustedes son unas v\u00edboras!&#8230;, Lucas 3:7 (TLA). Sin embargo, conquistaba multitudes, Mateo 3:5. \u00bfC\u00f3mo es posible que un hombre que sali\u00f3 de la \u2018nada\u2019, [&hellip;]<\/p>\n","protected":false},"author":2,"featured_media":3654,"comment_status":"closed","ping_status":"closed","sticky":false,"template":"","format":"standard","meta":{"footnotes":""},"categories":[67],"tags":[],"class_list":{"0":"post-3653","1":"post","2":"type-post","3":"status-publish","4":"format-standard","5":"has-post-thumbnail","7":"category-refelxiones"},"_links":{"self":[{"href":"https:\/\/elpuebloelegidodigital.com\/web\/wp-json\/wp\/v2\/posts\/3653","targetHints":{"allow":["GET"]}}],"collection":[{"href":"https:\/\/elpuebloelegidodigital.com\/web\/wp-json\/wp\/v2\/posts"}],"about":[{"href":"https:\/\/elpuebloelegidodigital.com\/web\/wp-json\/wp\/v2\/types\/post"}],"author":[{"embeddable":true,"href":"https:\/\/elpuebloelegidodigital.com\/web\/wp-json\/wp\/v2\/users\/2"}],"replies":[{"embeddable":true,"href":"https:\/\/elpuebloelegidodigital.com\/web\/wp-json\/wp\/v2\/comments?post=3653"}],"version-history":[{"count":1,"href":"https:\/\/elpuebloelegidodigital.com\/web\/wp-json\/wp\/v2\/posts\/3653\/revisions"}],"predecessor-version":[{"id":3655,"href":"https:\/\/elpuebloelegidodigital.com\/web\/wp-json\/wp\/v2\/posts\/3653\/revisions\/3655"}],"wp:featuredmedia":[{"embeddable":true,"href":"https:\/\/elpuebloelegidodigital.com\/web\/wp-json\/wp\/v2\/media\/3654"}],"wp:attachment":[{"href":"https:\/\/elpuebloelegidodigital.com\/web\/wp-json\/wp\/v2\/media?parent=3653"}],"wp:term":[{"taxonomy":"category","embeddable":true,"href":"https:\/\/elpuebloelegidodigital.com\/web\/wp-json\/wp\/v2\/categories?post=3653"},{"taxonomy":"post_tag","embeddable":true,"href":"https:\/\/elpuebloelegidodigital.com\/web\/wp-json\/wp\/v2\/tags?post=3653"}],"curies":[{"name":"wp","href":"https:\/\/api.w.org\/{rel}","templated":true}]}}