{"id":3482,"date":"2024-09-06T12:19:42","date_gmt":"2024-09-06T15:19:42","guid":{"rendered":"https:\/\/elpuebloelegidodigital.com\/web\/?p=3482"},"modified":"2024-09-06T12:19:42","modified_gmt":"2024-09-06T15:19:42","slug":"anuncian-el-cronograma-de-pago-de-programas-provinciales","status":"publish","type":"post","link":"https:\/\/elpuebloelegidodigital.com\/web\/2024\/09\/06\/anuncian-el-cronograma-de-pago-de-programas-provinciales\/","title":{"rendered":"Anuncian el cronograma de pago de programas provinciales"},"content":{"rendered":"<p><span class=\"header\">A PARTIR DEL LUNES 9<\/span><\/p>\n<h1>Anuncian el cronograma de pago de programas provinciales<\/h1>\n<p>Desde el Gobierno provincial indicaron que todos los beneficiarios cobrar\u00e1n a trav\u00e9s de los cajeros autom\u00e1ticos del Nuevo Banco del Chaco.<\/p>\n<h3><strong>El Gobierno provincial, a trav\u00e9s del Ministerio de Hacienda y Finanzas, inform\u00f3 el cronograma de pagos de los programas provinciales, que comenzar\u00e1n a abonarse a partir del pr\u00f3ximo lunes a \u00a0todos los beneficiarios de la provincia.<\/strong><\/h3>\n<p><strong>Los pagos de los programas provinciales comenzar\u00e1n el lunes 9 de septiembre para beneficiarios de Pueblos Originarios y Expertos<\/strong>, ambos dependientes del Ministerio de Salud P\u00fablica del Chaco.<\/p>\n<p>En tanto,\u00a0<strong>el viernes 13 de este mes, continuar\u00e1 el cronograma con el pago de M\u00e1s Inclusi\u00f3n<\/strong>, dependiente del Ministerio de Desarrollo Humano.<\/p>\n<p>Como es habitual,\u00a0<strong>Renta M\u00ednima Progresiva<\/strong>, tambi\u00e9n dependiente del Ministerio de Desarrollo Humano, se abonar\u00e1 en dos tramos, por terminaci\u00f3n de n\u00famero de documento. As\u00ed,\u00a0<strong>el lunes 16 cobrar\u00e1n los beneficiarios con DNI terminados en 0, 1, 2, 3 y 4; y el martes 17 de este mes, ser\u00e1 el turno de quienes tengan terminaci\u00f3n de documento 5, 6, 7, 8 y 9.<\/strong><\/p>\n<p>Asimismo, desde la cartera que conduce Alejandro Abraam, detallaron que\u00a0<strong>los beneficiarios del Servicio de Mantenimiento de Establecimientos Educativos, dependiente del Ministerio de Educaci\u00f3n, cobrar\u00e1n el lunes 16 del corriente mes. \u00a0Mientras que los becados del programa de reconversi\u00f3n laboral Canillitas (tambi\u00e9n bajo la \u00f3rbita de Desarrollo Humano) lo har\u00e1n el martes 17.<\/strong><\/p>\n<p>Los salarios se depositar\u00e1n en las cuentas del Nuevo Banco del Chaco (NBCH), por lo que la cartera que conduce Alejandro Abraam recuerda que<strong>\u00a0los fondos estar\u00e1n disponibles a trav\u00e9s de todos los canales electr\u00f3nicos de la entidad financiera.<\/strong><\/p>\n<h3><strong>CRONOGRAMA<\/strong><\/h3>\n<ul>\n<li>Pueblos Originarios: lunes 9 de septiembre.<\/li>\n<li>Expertos: lunes 9 de septiembre.<\/li>\n<li>M\u00e1s Inclusi\u00f3n: viernes 13 de septiembre.<\/li>\n<li>Renta M\u00ednima Progresiva: lunes 16 de septiembre (DNI terminados en 0, 1, 2, 3 y 4); martes 17 de septiembre (DNI terminados en 5, 6, 7, 8 y 9).<\/li>\n<li>Servicio de Mantenimiento de Establecimientos Educativos: lunes 16 de septiembre.<\/li>\n<li>Becados del programa de reconversi\u00f3n laboral Canillitas: martes 17 de septiembre.<\/li>\n<\/ul>\n","protected":false},"excerpt":{"rendered":"<p>A PARTIR DEL LUNES 9 Anuncian el cronograma de pago de programas provinciales Desde el Gobierno provincial indicaron que todos los beneficiarios cobrar\u00e1n a trav\u00e9s de los cajeros autom\u00e1ticos del Nuevo Banco del Chaco. El Gobierno provincial, a trav\u00e9s del Ministerio de Hacienda y Finanzas, inform\u00f3 el cronograma de pagos de los programas provinciales, que [&hellip;]<\/p>\n","protected":false},"author":2,"featured_media":3483,"comment_status":"closed","ping_status":"closed","sticky":false,"template":"","format":"standard","meta":{"footnotes":""},"categories":[64,56],"tags":[],"class_list":{"0":"post-3482","1":"post","2":"type-post","3":"status-publish","4":"format-standard","5":"has-post-thumbnail","7":"category-agenda-de-eventos","8":"category-noticias-generales"},"_links":{"self":[{"href":"https:\/\/elpuebloelegidodigital.com\/web\/wp-json\/wp\/v2\/posts\/3482","targetHints":{"allow":["GET"]}}],"collection":[{"href":"https:\/\/elpuebloelegidodigital.com\/web\/wp-json\/wp\/v2\/posts"}],"about":[{"href":"https:\/\/elpuebloelegidodigital.com\/web\/wp-json\/wp\/v2\/types\/post"}],"author":[{"embeddable":true,"href":"https:\/\/elpuebloelegidodigital.com\/web\/wp-json\/wp\/v2\/users\/2"}],"replies":[{"embeddable":true,"href":"https:\/\/elpuebloelegidodigital.com\/web\/wp-json\/wp\/v2\/comments?post=3482"}],"version-history":[{"count":0,"href":"https:\/\/elpuebloelegidodigital.com\/web\/wp-json\/wp\/v2\/posts\/3482\/revisions"}],"wp:featuredmedia":[{"embeddable":true,"href":"https:\/\/elpuebloelegidodigital.com\/web\/wp-json\/wp\/v2\/media\/3483"}],"wp:attachment":[{"href":"https:\/\/elpuebloelegidodigital.com\/web\/wp-json\/wp\/v2\/media?parent=3482"}],"wp:term":[{"taxonomy":"category","embeddable":true,"href":"https:\/\/elpuebloelegidodigital.com\/web\/wp-json\/wp\/v2\/categories?post=3482"},{"taxonomy":"post_tag","embeddable":true,"href":"https:\/\/elpuebloelegidodigital.com\/web\/wp-json\/wp\/v2\/tags?post=3482"}],"curies":[{"name":"wp","href":"https:\/\/api.w.org\/{rel}","templated":true}]}}