{"id":3406,"date":"2024-07-24T10:19:31","date_gmt":"2024-07-24T13:19:31","guid":{"rendered":"https:\/\/elpuebloelegidodigital.com\/web\/?p=3406"},"modified":"2024-07-24T10:19:31","modified_gmt":"2024-07-24T13:19:31","slug":"la-provincia-lleva-adelante-la-pavimentacion-de-32-cuadras-en-caa-cati","status":"publish","type":"post","link":"https:\/\/elpuebloelegidodigital.com\/web\/2024\/07\/24\/la-provincia-lleva-adelante-la-pavimentacion-de-32-cuadras-en-caa-cati\/","title":{"rendered":"La Provincia lleva adelante la pavimentaci\u00f3n de 32 cuadras en Ca\u00e1 Cat\u00ed"},"content":{"rendered":"<p>El Gobierno Provincial invierte, por instrucci\u00f3n del gobernador Gustavo Vald\u00e9s, en la pavimentaci\u00f3n de 32 cuadras en el ejido urbano de Ca\u00e1 Cat\u00ed. As\u00ed lo inform\u00f3 el mandatario en sus redes sociales, expresando que el objetivo primordial es que \u201clos vecinos mejoren su calidad de vida\u201d<\/p>\n","protected":false},"excerpt":{"rendered":"<p>El Gobierno Provincial invierte, por instrucci\u00f3n del gobernador Gustavo Vald\u00e9s, en la pavimentaci\u00f3n de 32 cuadras en el ejido urbano de Ca\u00e1 Cat\u00ed. As\u00ed lo inform\u00f3 el mandatario en sus redes sociales, expresando que el objetivo primordial es que \u201clos vecinos mejoren su calidad de vida\u201d<\/p>\n","protected":false},"author":2,"featured_media":3407,"comment_status":"closed","ping_status":"closed","sticky":false,"template":"","format":"standard","meta":{"footnotes":""},"categories":[56],"tags":[],"class_list":{"0":"post-3406","1":"post","2":"type-post","3":"status-publish","4":"format-standard","5":"has-post-thumbnail","7":"category-noticias-generales"},"_links":{"self":[{"href":"https:\/\/elpuebloelegidodigital.com\/web\/wp-json\/wp\/v2\/posts\/3406","targetHints":{"allow":["GET"]}}],"collection":[{"href":"https:\/\/elpuebloelegidodigital.com\/web\/wp-json\/wp\/v2\/posts"}],"about":[{"href":"https:\/\/elpuebloelegidodigital.com\/web\/wp-json\/wp\/v2\/types\/post"}],"author":[{"embeddable":true,"href":"https:\/\/elpuebloelegidodigital.com\/web\/wp-json\/wp\/v2\/users\/2"}],"replies":[{"embeddable":true,"href":"https:\/\/elpuebloelegidodigital.com\/web\/wp-json\/wp\/v2\/comments?post=3406"}],"version-history":[{"count":0,"href":"https:\/\/elpuebloelegidodigital.com\/web\/wp-json\/wp\/v2\/posts\/3406\/revisions"}],"wp:featuredmedia":[{"embeddable":true,"href":"https:\/\/elpuebloelegidodigital.com\/web\/wp-json\/wp\/v2\/media\/3407"}],"wp:attachment":[{"href":"https:\/\/elpuebloelegidodigital.com\/web\/wp-json\/wp\/v2\/media?parent=3406"}],"wp:term":[{"taxonomy":"category","embeddable":true,"href":"https:\/\/elpuebloelegidodigital.com\/web\/wp-json\/wp\/v2\/categories?post=3406"},{"taxonomy":"post_tag","embeddable":true,"href":"https:\/\/elpuebloelegidodigital.com\/web\/wp-json\/wp\/v2\/tags?post=3406"}],"curies":[{"name":"wp","href":"https:\/\/api.w.org\/{rel}","templated":true}]}}