{"id":3403,"date":"2024-07-24T10:18:03","date_gmt":"2024-07-24T13:18:03","guid":{"rendered":"https:\/\/elpuebloelegidodigital.com\/web\/?p=3403"},"modified":"2024-10-09T06:57:01","modified_gmt":"2024-10-09T09:57:01","slug":"la-provincia-licito-tercera-etapa-de-la-nueva-emergencia-y-uti-del-hospital-vidal","status":"publish","type":"post","link":"https:\/\/elpuebloelegidodigital.com\/web\/2024\/07\/24\/la-provincia-licito-tercera-etapa-de-la-nueva-emergencia-y-uti-del-hospital-vidal\/","title":{"rendered":"La Provincia licit\u00f3 tercera etapa de la nueva Emergencia y UTI del Hospital Vidal"},"content":{"rendered":"<p>&nbsp;<\/p>\n<div class=\"row\">\n<div class=\"articulo-detalle-volanta\">CON RECURSOS PROPIOS<\/div>\n<\/div>\n<div class=\"row\">\n<div class=\"articulo-detalle-titulo\">La Provincia licit\u00f3 tercera etapa de la nueva Emergencia y UTI del Hospital Vidal<\/div>\n<div>\n<p><span lang=\"ES-AR\">El Gobierno Provincial licit\u00f3 este martes la tercera etapa de las obras de ampliaci\u00f3n del Hospital Dr. Juan Ram\u00f3n Vidal, que abarca la renovaci\u00f3n y optimizaci\u00f3n de los servicios de Emergencia y la Unidad de Terapia Intensiva (UTI).<\/span><\/p>\n<p><span lang=\"ES-AR\">El acto licitatorio se cumpli\u00f3 en la Sala de Situaci\u00f3n del Ministerio de Obras y Servicios P\u00fablicos, encabezada por la titular de la Unidad de Arquitectura Hospitalaria, Griselda Perrota y el director de Asuntos Jur\u00eddicos, Ricardo Villar. Se presentaron tres empresas oferentes, siendo el presupuesto oficial de $839.243.905.27, con un plazo de ejecuci\u00f3n de 150 d\u00edas.<\/span><\/p>\n<p><span lang=\"ES-AR\">La obra propone una reubicaci\u00f3n estrat\u00e9gica de estos servicios mediante la refuncionalizaci\u00f3n y reorganizaci\u00f3n de sus espacios y funciones para mejorar su eficiencia y efectividad.<\/span><\/p>\n<p><span lang=\"ES-AR\">El nuevo sector est\u00e1 ubicado en el antiguo espacio que ocupaba la Emergencia del hospital, lugar donde se construy\u00f3 una estructura de tres plantas de funcionamiento, en que se incluir\u00e1n los servicios mencionados y un piso t\u00e9cnico, donde se colocar\u00e1 todo lo referido al soporte de las instalaciones y aparatolog\u00eda. Los niveles estar\u00e1n conectados por escaleras y ascensores camilleros.<\/span><\/p>\n<p><span lang=\"ES-AR\">Cabe destacar que esta obra, dise\u00f1ada y llevada adelante por la Unidad de Arquitectura Hospitalaria, dentro del plan maestro de mejoras del hospital Dr. J. Ram\u00f3n Vidal, fue consensuada y elaborada por un equipo interdisciplinario de especialistas donde participaron activamente tambi\u00e9n las autoridades y profesionales del mencionado nosocomio.<\/span><\/p>\n<p><span lang=\"ES-AR\">Al respecto, el servicio de Emergencia ser\u00e1 trasladado a la planta baja ocupando la superficie donde funcionaba el servicio de UTI. Este reordenamiento permitir\u00e1 una mejor accesibilidad y un flujo m\u00e1s eficiente de pacientes y personal. La planta baja ser\u00e1 adaptada con equipos modernos y \u00e1reas dise\u00f1adas para gestionar emergencias de manera r\u00e1pida y efectiva.<\/span><\/p>\n<p><span lang=\"ES-AR\">En tanto, la UTI se trasladar\u00e1 al primer piso recuperando y ampliando su superficie de asistencia. Este nivel estar\u00e1 espec\u00edficamente dise\u00f1ado para proporcionar un entorno de alta tecnolog\u00eda y cuidado intensivo, optimizando los espacios para la atenci\u00f3n especializada de pacientes cr\u00edticos.<\/span><\/p>\n<p><span lang=\"ES-AR\">La ampliaci\u00f3n y renovaci\u00f3n del Hospital Dr. J.R. Vidal no solo mejorar\u00e1 significativamente la capacidad y la eficiencia de los Servicios de Emergencia y la Unidad de Terapia Intensiva, sino que tambi\u00e9n elevar\u00e1 el nivel de atenci\u00f3n y seguridad para los pacientes. Este proyecto es un paso crucial hacia la modernizaci\u00f3n y optimizaci\u00f3n de los servicios de salud en la regi\u00f3n, asegurando un ambiente de atenci\u00f3n m\u00e9dica de alta calidad<\/span><\/p>\n<p>&nbsp;<\/p>\n<\/div>\n<\/div>\n","protected":false},"excerpt":{"rendered":"<p>&nbsp; CON RECURSOS PROPIOS La Provincia licit\u00f3 tercera etapa de la nueva Emergencia y UTI del Hospital Vidal El Gobierno Provincial licit\u00f3 este martes la tercera etapa de las obras de ampliaci\u00f3n del Hospital Dr. Juan Ram\u00f3n Vidal, que abarca la renovaci\u00f3n y optimizaci\u00f3n de los servicios de Emergencia y la Unidad de Terapia Intensiva [&hellip;]<\/p>\n","protected":false},"author":2,"featured_media":3404,"comment_status":"closed","ping_status":"closed","sticky":false,"template":"","format":"standard","meta":{"footnotes":""},"categories":[56],"tags":[],"class_list":{"0":"post-3403","1":"post","2":"type-post","3":"status-publish","4":"format-standard","5":"has-post-thumbnail","7":"category-noticias-generales"},"_links":{"self":[{"href":"https:\/\/elpuebloelegidodigital.com\/web\/wp-json\/wp\/v2\/posts\/3403","targetHints":{"allow":["GET"]}}],"collection":[{"href":"https:\/\/elpuebloelegidodigital.com\/web\/wp-json\/wp\/v2\/posts"}],"about":[{"href":"https:\/\/elpuebloelegidodigital.com\/web\/wp-json\/wp\/v2\/types\/post"}],"author":[{"embeddable":true,"href":"https:\/\/elpuebloelegidodigital.com\/web\/wp-json\/wp\/v2\/users\/2"}],"replies":[{"embeddable":true,"href":"https:\/\/elpuebloelegidodigital.com\/web\/wp-json\/wp\/v2\/comments?post=3403"}],"version-history":[{"count":3,"href":"https:\/\/elpuebloelegidodigital.com\/web\/wp-json\/wp\/v2\/posts\/3403\/revisions"}],"predecessor-version":[{"id":3530,"href":"https:\/\/elpuebloelegidodigital.com\/web\/wp-json\/wp\/v2\/posts\/3403\/revisions\/3530"}],"wp:featuredmedia":[{"embeddable":true,"href":"https:\/\/elpuebloelegidodigital.com\/web\/wp-json\/wp\/v2\/media\/3404"}],"wp:attachment":[{"href":"https:\/\/elpuebloelegidodigital.com\/web\/wp-json\/wp\/v2\/media?parent=3403"}],"wp:term":[{"taxonomy":"category","embeddable":true,"href":"https:\/\/elpuebloelegidodigital.com\/web\/wp-json\/wp\/v2\/categories?post=3403"},{"taxonomy":"post_tag","embeddable":true,"href":"https:\/\/elpuebloelegidodigital.com\/web\/wp-json\/wp\/v2\/tags?post=3403"}],"curies":[{"name":"wp","href":"https:\/\/api.w.org\/{rel}","templated":true}]}}