{"id":3364,"date":"2024-06-24T11:29:05","date_gmt":"2024-06-24T14:29:05","guid":{"rendered":"https:\/\/elpuebloelegidodigital.com\/web\/?p=3364"},"modified":"2024-06-24T11:29:05","modified_gmt":"2024-06-24T14:29:05","slug":"empleados-publicos-ya-tienen-fecha-de-cobro-de-salarios","status":"publish","type":"post","link":"https:\/\/elpuebloelegidodigital.com\/web\/2024\/06\/24\/empleados-publicos-ya-tienen-fecha-de-cobro-de-salarios\/","title":{"rendered":"Empleados p\u00fablicos ya tienen fecha de cobro de salarios"},"content":{"rendered":"<p>Este lunes, el gobernador Leandro Zdero realiz\u00f3 el anuncio del cronograma de pago, a trav\u00e9s de sus redes sociales.<\/p>\n<h3><strong>El gobernador Leandro Zdero anunci\u00f3 este lunes el pago de sueldos de junio, para pasivos y activos, que se depositar\u00e1n con un incremento del 15%, correspondiente a la pauta general. \u00a0<\/strong><\/h3>\n<p>&#8220;En el convencimiento de que los recursos p\u00fablicos deben ser administrados de manera ordenada y con responsabilidad, es que puedo informar que los sueldos de los empleados del sector p\u00fablico, correspondientes al mes de junio ser\u00e1n abonados en tiempo y forma&#8221;, sostuvo el mandatario.<\/p>\n<h3>De esta manera,\u00a0<strong>el sector pasivo percibir\u00e1 sus haberes el d\u00eda lunes 1 de julio, mientras que los activos lo har\u00e1n el martes 2 de julio.<\/strong><\/h3>\n<p><strong>El gobernador, adem\u00e1s, cumplir\u00e1 con el pago del incremento del 15% con los sueldos de junio<\/strong>, tal como lo anunciara oportunamente en la pauta general, logrando un incremento del 51,62% en el trimestre mayo-julio.<\/p>\n<p><strong>De esta manera, el lunes 1 de julio cobrar\u00e1n los pasivos, por cajero autom\u00e1tico, desde las 21 horas, y al d\u00eda siguiente por ventanilla; mientras que el martes 2 de julio cobrar\u00e1n los activos, del sector p\u00fablico provincial, con la misma modalidad.<\/strong><\/p>\n","protected":false},"excerpt":{"rendered":"<p>Este lunes, el gobernador Leandro Zdero realiz\u00f3 el anuncio del cronograma de pago, a trav\u00e9s de sus redes sociales. El gobernador Leandro Zdero anunci\u00f3 este lunes el pago de sueldos de junio, para pasivos y activos, que se depositar\u00e1n con un incremento del 15%, correspondiente a la pauta general. \u00a0 &#8220;En el convencimiento de que [&hellip;]<\/p>\n","protected":false},"author":2,"featured_media":3285,"comment_status":"closed","ping_status":"closed","sticky":false,"template":"","format":"standard","meta":{"footnotes":""},"categories":[56],"tags":[],"class_list":{"0":"post-3364","1":"post","2":"type-post","3":"status-publish","4":"format-standard","5":"has-post-thumbnail","7":"category-noticias-generales"},"_links":{"self":[{"href":"https:\/\/elpuebloelegidodigital.com\/web\/wp-json\/wp\/v2\/posts\/3364","targetHints":{"allow":["GET"]}}],"collection":[{"href":"https:\/\/elpuebloelegidodigital.com\/web\/wp-json\/wp\/v2\/posts"}],"about":[{"href":"https:\/\/elpuebloelegidodigital.com\/web\/wp-json\/wp\/v2\/types\/post"}],"author":[{"embeddable":true,"href":"https:\/\/elpuebloelegidodigital.com\/web\/wp-json\/wp\/v2\/users\/2"}],"replies":[{"embeddable":true,"href":"https:\/\/elpuebloelegidodigital.com\/web\/wp-json\/wp\/v2\/comments?post=3364"}],"version-history":[{"count":0,"href":"https:\/\/elpuebloelegidodigital.com\/web\/wp-json\/wp\/v2\/posts\/3364\/revisions"}],"wp:featuredmedia":[{"embeddable":true,"href":"https:\/\/elpuebloelegidodigital.com\/web\/wp-json\/wp\/v2\/media\/3285"}],"wp:attachment":[{"href":"https:\/\/elpuebloelegidodigital.com\/web\/wp-json\/wp\/v2\/media?parent=3364"}],"wp:term":[{"taxonomy":"category","embeddable":true,"href":"https:\/\/elpuebloelegidodigital.com\/web\/wp-json\/wp\/v2\/categories?post=3364"},{"taxonomy":"post_tag","embeddable":true,"href":"https:\/\/elpuebloelegidodigital.com\/web\/wp-json\/wp\/v2\/tags?post=3364"}],"curies":[{"name":"wp","href":"https:\/\/api.w.org\/{rel}","templated":true}]}}