{"id":3358,"date":"2024-06-24T11:24:04","date_gmt":"2024-06-24T14:24:04","guid":{"rendered":"https:\/\/elpuebloelegidodigital.com\/web\/?p=3358"},"modified":"2024-06-24T11:24:04","modified_gmt":"2024-06-24T14:24:04","slug":"messi-cumple-37-anos-en-la-concentracion-de-la-seleccion-argentina","status":"publish","type":"post","link":"https:\/\/elpuebloelegidodigital.com\/web\/2024\/06\/24\/messi-cumple-37-anos-en-la-concentracion-de-la-seleccion-argentina\/","title":{"rendered":"Messi cumple 37 a\u00f1os en la concentraci\u00f3n de la Selecci\u00f3n argentina"},"content":{"rendered":"<p><span class=\"header\">COPA AM\u00c9RICA<\/span><\/p>\n<h1>Messi cumple 37 a\u00f1os en la concentraci\u00f3n de la Selecci\u00f3n argentina<\/h1>\n<p>El jugador argentino volver\u00e1 a pasar su d\u00eda junto a sus compa\u00f1eros, como ya lo hizo en distintas oportunidades.<\/p>\n<h3><strong>Este lunes 24, Lionel Messi celebra sus 37 a\u00f1os de vida, en la concentraci\u00f3n de la Selecci\u00f3n argentina que disputa la Copa Am\u00e9rica.<\/strong><\/h3>\n<p>Al igual que en tantas otras ocasiones, compartir\u00e1 su d\u00eda junto con sus compa\u00f1eros, en plena competencia.<\/p>\n<p>Desde el Mundial Sub 20, en el 2005, el actual capit\u00e1n pas\u00f3 m\u00e1s cumplea\u00f1os concentrado que con su familia: 12 y 8 veces, respectivamente.<\/p>\n<p>El \u00fanico d\u00eda que a Messi le toc\u00f3 jugar con la Selecci\u00f3n argentina, fue el 24 de junio de 2006, cuando Maxi Rodr\u00edguez le meti\u00f3 el inolvidable golazo a M\u00e9xico.<\/p>\n<p>La \u00faltima vez que vivi\u00f3 un cumplea\u00f1os concentrado fue en la Copa Am\u00e9rica de Brasil 2021, que finalmente terminar\u00eda conquistando.<\/p>\n<p><strong>Este lunes, se espera que el mejor jugador del mundo tenga el cl\u00e1sico momento con toda la delegaci\u00f3n: la torta y el canto de sus compa\u00f1eros en el comedor.<\/strong><\/p>\n<p><strong>A solo un d\u00eda de enfrentar a Chile por la segunda fecha del Grupo A, Messi soplar\u00e1 37 velitas<\/strong>\u00a0y probablemente sea la \u00faltima vez que pida el deseo de ganar un torneo con la Selecci\u00f3n.<\/p>\n<p>Desde la AFA y su entorno, a\u00fan no confirmaron si habr\u00e1 alguna actividad especial ni si su familia festejar\u00e1 con Leo. Probablemente, este lunes no haya otro momento adem\u00e1s de la torta despu\u00e9s de comer.<\/p>\n","protected":false},"excerpt":{"rendered":"<p>COPA AM\u00c9RICA Messi cumple 37 a\u00f1os en la concentraci\u00f3n de la Selecci\u00f3n argentina El jugador argentino volver\u00e1 a pasar su d\u00eda junto a sus compa\u00f1eros, como ya lo hizo en distintas oportunidades. Este lunes 24, Lionel Messi celebra sus 37 a\u00f1os de vida, en la concentraci\u00f3n de la Selecci\u00f3n argentina que disputa la Copa Am\u00e9rica. [&hellip;]<\/p>\n","protected":false},"author":2,"featured_media":3359,"comment_status":"closed","ping_status":"closed","sticky":false,"template":"","format":"standard","meta":{"footnotes":""},"categories":[56],"tags":[],"class_list":{"0":"post-3358","1":"post","2":"type-post","3":"status-publish","4":"format-standard","5":"has-post-thumbnail","7":"category-noticias-generales"},"_links":{"self":[{"href":"https:\/\/elpuebloelegidodigital.com\/web\/wp-json\/wp\/v2\/posts\/3358","targetHints":{"allow":["GET"]}}],"collection":[{"href":"https:\/\/elpuebloelegidodigital.com\/web\/wp-json\/wp\/v2\/posts"}],"about":[{"href":"https:\/\/elpuebloelegidodigital.com\/web\/wp-json\/wp\/v2\/types\/post"}],"author":[{"embeddable":true,"href":"https:\/\/elpuebloelegidodigital.com\/web\/wp-json\/wp\/v2\/users\/2"}],"replies":[{"embeddable":true,"href":"https:\/\/elpuebloelegidodigital.com\/web\/wp-json\/wp\/v2\/comments?post=3358"}],"version-history":[{"count":0,"href":"https:\/\/elpuebloelegidodigital.com\/web\/wp-json\/wp\/v2\/posts\/3358\/revisions"}],"wp:featuredmedia":[{"embeddable":true,"href":"https:\/\/elpuebloelegidodigital.com\/web\/wp-json\/wp\/v2\/media\/3359"}],"wp:attachment":[{"href":"https:\/\/elpuebloelegidodigital.com\/web\/wp-json\/wp\/v2\/media?parent=3358"}],"wp:term":[{"taxonomy":"category","embeddable":true,"href":"https:\/\/elpuebloelegidodigital.com\/web\/wp-json\/wp\/v2\/categories?post=3358"},{"taxonomy":"post_tag","embeddable":true,"href":"https:\/\/elpuebloelegidodigital.com\/web\/wp-json\/wp\/v2\/tags?post=3358"}],"curies":[{"name":"wp","href":"https:\/\/api.w.org\/{rel}","templated":true}]}}