{"id":3338,"date":"2024-06-05T09:11:20","date_gmt":"2024-06-05T12:11:20","guid":{"rendered":"https:\/\/elpuebloelegidodigital.com\/web\/?p=3338"},"modified":"2024-06-05T09:12:17","modified_gmt":"2024-06-05T12:12:17","slug":"3338","status":"publish","type":"post","link":"https:\/\/elpuebloelegidodigital.com\/web\/2024\/06\/05\/3338\/","title":{"rendered":"Salud busca reforzar la vacunaci\u00f3n en los centros de atenci\u00f3n primaria"},"content":{"rendered":"<div class=\"row\">\n<div class=\"articulo-detalle-volanta\">PREVENCI\u00d3N<\/div>\n<\/div>\n<div class=\"row\">\n<div class=\"articulo-detalle-titulo\">Salud busca reforzar la vacunaci\u00f3n en los centros de atenci\u00f3n primaria<\/div>\n<div>\n<div class=\"row\">\n<div class=\"articulo-detalle-bajada\">\n<p><em>Es por el Virus Sincicial Respiratorio y la Antigripal. En este marco, se trabaja de forma articulada entre la Provincia y el Municipio.<\/em><\/p>\n<\/div>\n<\/div>\n<div class=\"row\">\n<div class=\"articulo-detalle-fechapublicacion\">En el Ministerio de Salud de la Provincia se realiz\u00f3 una reuni\u00f3n en la que se trabaj\u00f3 sobre la importancia de la vacunaci\u00f3n contra el Virus Sincicial Respiratorio (VSR) y la Antigripal. En ese \u00e1mbito, los subsecretarios de la cartera sanitaria destacaron la importancia de trabajar en articuladamente con diversas \u00e1reas y profesionales de la salud de la Provincia y la Ciudad.<\/div>\n<\/div>\n<div class=\"row\">\n<div class=\"articulo-detalle-contenido\">\n<p>Del encuentro, particip\u00f3 la subsecretaria de Atenci\u00f3n Primaria de la Salud, Alicia Pereira; el subsecretario de Salud de la Mujer, la Ni\u00f1ez y la Adolescencia, Carlos Cassella; la directora general de Salud Materno Infanto Juvenil, Adela Saade<\/p>\n<p>&#8220;Nos reunimos con pediatras, neonat\u00f3logos, residentes del hospital Materno Neonatal Elo\u00edsa Torrent de Vidal; el director de APS Capital, Cristian Sarquis, y autoridades sanitarias de la Municipalidad de la Ciudad de Corrientes. El tema principal que abordamos fue el Virus Sincicial Respiratorio y la vacunaci\u00f3n Antigripal&#8221;, dijo la subsecretaria de Atenci\u00f3n Primaria de la Salud,\u00a0<strong>Alicia Pereira<\/strong>.<\/p>\n<p>Explic\u00f3 que se trabaj\u00f3 para que &#8220;las embarazadas no lleguen tarde a la vacunaci\u00f3n por el VSR, ya que lo deben hacer entre las 32 y 36 semanas de gestaci\u00f3n&#8221;.<\/p>\n<p>&#8220;Es una vacuna nueva por lo que estamos reforzando la comunicaci\u00f3n para que los m\u00e9dicos: pediatras y tocoginec\u00f3logos, indiquen la vacuna a las embarazadas&#8221;, remarc\u00f3 y agreg\u00f3 que se trabaj\u00f3 con datos sobre cantidad de embarazos que est\u00e1n registrado en Maternidad e Infancia.<\/p>\n<p>En este sentido, se\u00f1al\u00f3 que tambi\u00e9n &#8220;a partir del convenio con el Municipio, ahora vamos a tener los mismos datos precisos sobre cantidad de embarazadas que se atienden en las Salas de Atenci\u00f3n Primaria de la Salud (Saps)&#8221;.<\/p>\n<p>&#8220;La paciente puede ir a vacunarse por el VSR sin indicaci\u00f3n m\u00e9dica. Hay que insistir con este tema desde los vacunatorios y sobre todo las obstetras y los tocoginec\u00f3logos. Es en este per\u00edodo del a\u00f1o, entre marzo y agosto, es el momento indicado para vacunarse. Adem\u00e1s, esta vacuna protege al ni\u00f1o hasta los 6 meses de edad&#8221;.<\/p>\n<\/div>\n<\/div>\n<\/div>\n<\/div>\n","protected":false},"excerpt":{"rendered":"<p>PREVENCI\u00d3N Salud busca reforzar la vacunaci\u00f3n en los centros de atenci\u00f3n primaria Es por el Virus Sincicial Respiratorio y la Antigripal. En este marco, se trabaja de forma articulada entre la Provincia y el Municipio. En el Ministerio de Salud de la Provincia se realiz\u00f3 una reuni\u00f3n en la que se trabaj\u00f3 sobre la importancia [&hellip;]<\/p>\n","protected":false},"author":2,"featured_media":3339,"comment_status":"closed","ping_status":"closed","sticky":false,"template":"","format":"standard","meta":{"footnotes":""},"categories":[56],"tags":[],"class_list":{"0":"post-3338","1":"post","2":"type-post","3":"status-publish","4":"format-standard","5":"has-post-thumbnail","7":"category-noticias-generales"},"_links":{"self":[{"href":"https:\/\/elpuebloelegidodigital.com\/web\/wp-json\/wp\/v2\/posts\/3338","targetHints":{"allow":["GET"]}}],"collection":[{"href":"https:\/\/elpuebloelegidodigital.com\/web\/wp-json\/wp\/v2\/posts"}],"about":[{"href":"https:\/\/elpuebloelegidodigital.com\/web\/wp-json\/wp\/v2\/types\/post"}],"author":[{"embeddable":true,"href":"https:\/\/elpuebloelegidodigital.com\/web\/wp-json\/wp\/v2\/users\/2"}],"replies":[{"embeddable":true,"href":"https:\/\/elpuebloelegidodigital.com\/web\/wp-json\/wp\/v2\/comments?post=3338"}],"version-history":[{"count":0,"href":"https:\/\/elpuebloelegidodigital.com\/web\/wp-json\/wp\/v2\/posts\/3338\/revisions"}],"wp:featuredmedia":[{"embeddable":true,"href":"https:\/\/elpuebloelegidodigital.com\/web\/wp-json\/wp\/v2\/media\/3339"}],"wp:attachment":[{"href":"https:\/\/elpuebloelegidodigital.com\/web\/wp-json\/wp\/v2\/media?parent=3338"}],"wp:term":[{"taxonomy":"category","embeddable":true,"href":"https:\/\/elpuebloelegidodigital.com\/web\/wp-json\/wp\/v2\/categories?post=3338"},{"taxonomy":"post_tag","embeddable":true,"href":"https:\/\/elpuebloelegidodigital.com\/web\/wp-json\/wp\/v2\/tags?post=3338"}],"curies":[{"name":"wp","href":"https:\/\/api.w.org\/{rel}","templated":true}]}}