{"id":3187,"date":"2024-03-25T09:15:14","date_gmt":"2024-03-25T12:15:14","guid":{"rendered":"https:\/\/elpuebloelegidodigital.com\/web\/?p=3187"},"modified":"2024-03-25T09:15:14","modified_gmt":"2024-03-25T12:15:14","slug":"hacienda-y-facultad-de-ciencias-economicas-acuerdan-cooperacion","status":"publish","type":"post","link":"https:\/\/elpuebloelegidodigital.com\/web\/2024\/03\/25\/hacienda-y-facultad-de-ciencias-economicas-acuerdan-cooperacion\/","title":{"rendered":"Hacienda y Facultad de Ciencias Econ\u00f3micas acuerdan cooperaci\u00f3n"},"content":{"rendered":"<p>PROVINCIA Y UNIVERSIDAD<\/p>\n<p>Hacienda y Facultad de Ciencias Econ\u00f3micas acuerdan cooperaci\u00f3n<\/p>\n<p>El ministro de la cartera econ\u00f3mica de la gesti\u00f3n de Gustavo Vald\u00e9s, Marcelo Rivas Piasentini suscribi\u00f3 un nuevo convenio con la casa de altos estudios de la UNNE. El entendimiento contempla avanzar en colaboraci\u00f3n con aspectos relacionados a la formaci\u00f3n, capacitaci\u00f3n y perfeccionamiento de recursos humanos, entre otras acciones.<\/p>\n<p>El acto se realiz\u00f3 en el atardecer de este jueves 21, en el sal\u00f3n del Consejo Directivo de la sede central de Facultad de Ciencias Econ\u00f3micas de la UNNE, el Campus de Resistencia, Chaco.<\/p>\n<p>Representando a la Facultad de Ciencias Econ\u00f3micas, firm\u00f3 la decana Moira Carri\u00f3. El acuerdo se concret\u00f3 siguiendo el Convenio Marco de Cooperaci\u00f3n firmado con la Universidad Nacional del Nordeste y el Gobierno de Corrientes.<\/p>\n<p>Contempla aspectos relacionados a la formaci\u00f3n, capacitaci\u00f3n y perfeccionamiento de recursos humanos, la investigaci\u00f3n, la asistencia t\u00e9cnica, la gesti\u00f3n para la capacitaci\u00f3n de recursos t\u00e9cnicos y econ\u00f3micos destinados al desarrollo profesional, entre otras acciones.<\/p>\n<p><strong>Impacto<\/strong>\u00a0<strong>social<\/strong><\/p>\n<p>Se tiene por objetivo que las actividades en el marco de esta colaboraci\u00f3n permitan ampliar el impacto social de la casa de altos estudios al involucrarse en proyectos que beneficien directamente a la comunidad.<\/p>\n<p>Esto incluye programas de educaci\u00f3n financiera, asesoramiento econ\u00f3mico a comunidades locales, y la difusi\u00f3n de conocimientos especializados para promover la toma de decisiones informadas en temas econ\u00f3micos.<\/p>\n<p>En el \u00e1mbito de la investigaci\u00f3n: la alianza facilitar\u00e1 la ejecuci\u00f3n de proyectos conjuntos que aborden problem\u00e1ticas relevantes para ambas partes. La sinergia entre la experiencia acad\u00e9mica y los recursos gubernamentales favorecer\u00e1 la generaci\u00f3n de conocimiento aplicado, con el objetivo de impulsar pol\u00edticas p\u00fablicas basadas en evidencia y contribuir al progreso econ\u00f3mico y social.<\/p>\n<p>En lo que respecta a los posgrados: la colaboraci\u00f3n buscar\u00e1 fortalecer la calidad y relevancia de los programas acad\u00e9micos ofrecidos por la Facultad. A trav\u00e9s de la interacci\u00f3n con expertos y profesionales de los ministerios, se promover\u00e1 la actualizaci\u00f3n constante de los contenidos curriculares, asegurando que los programas de posgrado est\u00e9n alineados con las necesidades y demandas del sector p\u00fablico, as\u00ed como del entorno econ\u00f3mico.<\/p>\n<p><img loading=\"lazy\" decoding=\"async\" class=\"alignnone size-full wp-image-3188\" src=\"https:\/\/elpuebloelegidodigital.com\/web\/wp-content\/uploads\/2024\/03\/imagen-65257.jpg\" alt=\"\" width=\"1600\" height=\"1200\" srcset=\"https:\/\/elpuebloelegidodigital.com\/web\/wp-content\/uploads\/2024\/03\/imagen-65257.jpg 1600w, https:\/\/elpuebloelegidodigital.com\/web\/wp-content\/uploads\/2024\/03\/imagen-65257-80x60.jpg 80w, https:\/\/elpuebloelegidodigital.com\/web\/wp-content\/uploads\/2024\/03\/imagen-65257-265x198.jpg 265w, https:\/\/elpuebloelegidodigital.com\/web\/wp-content\/uploads\/2024\/03\/imagen-65257-696x522.jpg 696w, https:\/\/elpuebloelegidodigital.com\/web\/wp-content\/uploads\/2024\/03\/imagen-65257-1068x801.jpg 1068w, https:\/\/elpuebloelegidodigital.com\/web\/wp-content\/uploads\/2024\/03\/imagen-65257-560x420.jpg 560w\" sizes=\"auto, (max-width: 1600px) 100vw, 1600px\" \/><\/p>\n","protected":false},"excerpt":{"rendered":"<p>PROVINCIA Y UNIVERSIDAD Hacienda y Facultad de Ciencias Econ\u00f3micas acuerdan cooperaci\u00f3n El ministro de la cartera econ\u00f3mica de la gesti\u00f3n de Gustavo Vald\u00e9s, Marcelo Rivas Piasentini suscribi\u00f3 un nuevo convenio con la casa de altos estudios de la UNNE. El entendimiento contempla avanzar en colaboraci\u00f3n con aspectos relacionados a la formaci\u00f3n, capacitaci\u00f3n y perfeccionamiento de [&hellip;]<\/p>\n","protected":false},"author":2,"featured_media":3189,"comment_status":"closed","ping_status":"closed","sticky":false,"template":"","format":"standard","meta":{"footnotes":""},"categories":[56],"tags":[],"class_list":{"0":"post-3187","1":"post","2":"type-post","3":"status-publish","4":"format-standard","5":"has-post-thumbnail","7":"category-noticias-generales"},"_links":{"self":[{"href":"https:\/\/elpuebloelegidodigital.com\/web\/wp-json\/wp\/v2\/posts\/3187","targetHints":{"allow":["GET"]}}],"collection":[{"href":"https:\/\/elpuebloelegidodigital.com\/web\/wp-json\/wp\/v2\/posts"}],"about":[{"href":"https:\/\/elpuebloelegidodigital.com\/web\/wp-json\/wp\/v2\/types\/post"}],"author":[{"embeddable":true,"href":"https:\/\/elpuebloelegidodigital.com\/web\/wp-json\/wp\/v2\/users\/2"}],"replies":[{"embeddable":true,"href":"https:\/\/elpuebloelegidodigital.com\/web\/wp-json\/wp\/v2\/comments?post=3187"}],"version-history":[{"count":0,"href":"https:\/\/elpuebloelegidodigital.com\/web\/wp-json\/wp\/v2\/posts\/3187\/revisions"}],"wp:featuredmedia":[{"embeddable":true,"href":"https:\/\/elpuebloelegidodigital.com\/web\/wp-json\/wp\/v2\/media\/3189"}],"wp:attachment":[{"href":"https:\/\/elpuebloelegidodigital.com\/web\/wp-json\/wp\/v2\/media?parent=3187"}],"wp:term":[{"taxonomy":"category","embeddable":true,"href":"https:\/\/elpuebloelegidodigital.com\/web\/wp-json\/wp\/v2\/categories?post=3187"},{"taxonomy":"post_tag","embeddable":true,"href":"https:\/\/elpuebloelegidodigital.com\/web\/wp-json\/wp\/v2\/tags?post=3187"}],"curies":[{"name":"wp","href":"https:\/\/api.w.org\/{rel}","templated":true}]}}