{"id":3135,"date":"2024-03-07T10:16:36","date_gmt":"2024-03-07T13:16:36","guid":{"rendered":"https:\/\/elpuebloelegidodigital.com\/web\/?p=3135"},"modified":"2024-03-07T10:17:34","modified_gmt":"2024-03-07T13:17:34","slug":"los-gobernadores-iran-a-la-casa-rosada-con-una-lista-de-preocupaciones-pero-abiertos-a-negociar","status":"publish","type":"post","link":"https:\/\/elpuebloelegidodigital.com\/web\/2024\/03\/07\/los-gobernadores-iran-a-la-casa-rosada-con-una-lista-de-preocupaciones-pero-abiertos-a-negociar\/","title":{"rendered":"Los gobernadores ir\u00e1n a la Casa Rosada con una lista de preocupaciones, pero abiertos a negociar"},"content":{"rendered":"<p>Los mandatarios provinciales apuntar\u00e1n a la quita de fondos y la obra p\u00fablica. Tambi\u00e9n quieren detalles de la nueva Ley \u00d3mnibus y del paquete de alivio fiscal que prometi\u00f3 Milei. Los temas sensibles de la agenda<\/p>\n<p>Ser\u00e1 una reuni\u00f3n de ofertas y demandas, de reclamos y exigencias. Y, sobre todo, ser\u00e1 un momento para escuchar. En la Casa Rosada aun no confirmaron si estar\u00e1 presente Javier Milei, pero dejaron una puerta abierta. \u201cEn principio, no va a estar\u201d, se\u00f1alaron. En el centro de la mesa estar\u00e1n los ministros\u00a0<b>Guillermo Francos<\/b>\u00a0(Interior) y\u00a0<b>Nicol\u00e1s Posse<\/b>\u00a0(Jefe de Gabinete). Los presentes del viernes a las 15 se terminar\u00e1n de definir hoy.<\/p>\n<p class=\"paragraph\" data-mrf-recirculation=\"Links inline\">El ministro de Econom\u00eda,\u00a0<b>Luis \u201cToto\u201d Caputo<\/b>, viaj\u00f3 anoche a Punta Cana para presenciar una reuni\u00f3n del Banco Interamericano de Desarrollo (BID). Las actividades en el caribe se extender\u00edan hasta el s\u00e1bado, por lo que es poco probable que est\u00e9 presente en el encuentro con los mandatarios, aunque no est\u00e1 confirmado. De todas formas, el titular del Palacio de Hacienda viene manteniendo reuniones con sus compa\u00f1eros de Gabinete para presentar una propuesta ordenada en el encuentro.<\/p>\n<p class=\"paragraph\" data-mrf-recirculation=\"Links inline\">Ninguno de los gobernadores que estar\u00e1n presentes &#8211; que a esta altura de la semana son cerca de 20 &#8211; sabe con exactitud el contenido de la reuni\u00f3n.\u00a0<b>No hay un temario<\/b>\u00a0ni una especificaci\u00f3n de los puntos a tratar. Estiman que habr\u00e1 algunos detalles sobre el contenido del paquete de alivio fiscal que el Gobierno prometi\u00f3 tratar, a cambio de respaldo para aprobar una nueva Ley \u00d3mnibus.<\/p>\n<p class=\"paragraph\" data-mrf-recirculation=\"Links inline\">En el contenido de ese proyecto reside uno de los puntos centrales de la reuni\u00f3n. Los mandatarios quieren conocer de primera mano cu\u00e1les son los art\u00edculos que Milei pedir\u00e1 que apoyen en el Congreso. En Balcarce 50 aseguran que a lo largo de las \u00faltimas semanas se instal\u00f3 la idea de que el Gobierno no negocia, pero que la Ley Bases termin\u00f3 con 300 art\u00edculos menos de los que empez\u00f3.\u00a0<b>\u201cEs injusto que nos digan que no negociamos y que no somos flexibles\u201d<\/b>, apuntaron en una oficina importante de la Casa Rosada.<\/p>\n<p data-mrf-recirculation=\"Links inline\">Lo cierto es que el Gobierno va a intentar hacer ahora lo que no hizo antes del tratamiento de la Ley \u00d3mnibus durante enero y febrero: iniciar una negociaci\u00f3n ordenada, hacerla con los gobernadores y que sea llevada adelante por los principales ministros del Gabinete. Francos y Posse son parte de la mesa pol\u00edtica m\u00e1s chica que tiene Milei, luego del primer anillo de m\u00e1xima confianza que componen el asesor Santiago Caputo y la secretaria de la Presidencia, Karina Milei.<\/p>\n<p class=\"paragraph\" data-mrf-recirculation=\"Links inline\"><b>Axel Kicillof\u00a0<\/b>es uno de los pocos &#8211; tal vez el \u00fanico &#8211; de los que se opone, que el viernes estar\u00e1 presente en la cumbre pol\u00edtica.<b>\u00a0\u201cSi es reuni\u00f3n de trabajo, vamos a estar siempre\u201d<\/b>, aseguraron en La Plata, reflotando las palabras del Gobernador en la apertura de sesiones de la Legislatura Bonaerense. La intenci\u00f3n del mandatario no es ir solo a escuchar, como lo quiere hacer la mayor\u00eda, sino tambi\u00e9n reclamar por el impacto que han tenido algunas decisiones del Gobierno en la econom\u00eda de la provincia.<\/p>\n<p class=\"paragraph\" data-mrf-recirculation=\"Links inline\"><b>\u201c\u00bfQueremos saber qu\u00e9 va a pasar con nuestros recursos?\u201d<\/b>, explicaron en el entorno del mandatario. En la lista de preocupaciones aparecen la quita de subsidios al transporte, el aumento de los medicamentos y el destino del Fondo Nacional de Incentivo Docente (FONID), frenado por el Gobierno antes del comienzo de las clases. En ese contexto conflictivo y de ausencia de fondos, Kicillof decidi\u00f3 ayer suspender la jornada completa al quitar la quinta hora de clases en 60 escuelas de la provincia.<\/p>\n<p class=\"paragraph\" data-mrf-recirculation=\"Links inline\">Milei no solo fren\u00f3 los giros por el FONID. Tambi\u00e9n, seg\u00fan explic\u00f3 al detalle el director de Educaci\u00f3n y Cultura bonaerense, Alberto Sileoni, no transfiere m\u00e1s el Fondo de Fortalecimiento Fiscal, que equivale a 45.000 millones de pesos por mes, y el Fondo para Incremento de Jornadas, de 10.000 millones cada 30 d\u00edas.<\/p>\n<p data-mrf-recirculation=\"Links inline\">Es un tema central en la agenda de muchos de los mandatarios que van a estar presentes ma\u00f1ana. Una clara muestra de eso es el\u00a0<b>pedido de sesi\u00f3n especial\u00a0<\/b>que el bloque Hacemos Coalici\u00f3n Federal, que conduce Miguel Pichetto, le hizo al presidente de la C\u00e1mara baja, Mart\u00edn Menem, para tratar la recuperaci\u00f3n del FONID como ley. La carta lleva la firma de diputados de Santa Fe y C\u00f3rdoba, donde gobiernan Maximiliano Pullaro y Mart\u00edn Llaryora.<\/p>\n<p class=\"paragraph\" data-mrf-recirculation=\"Links inline\">En C\u00f3rdoba hace varios d\u00edas que ya tienen las cuentas sacadas. Aseguran que la restituci\u00f3n del FONID como ley podr\u00eda cosechar\u00a0<b>cerca de 170 votos\u00a0<\/b>en la C\u00e1mara de Diputados, debido a que hay consenso con la mayor parte del arco opositor en que debe volver a quedar establecido como ley. El bloque de Uni\u00f3n por la Patria tambi\u00e9n present\u00f3 un proyecto al igual que el radicalismo. Hay un punto de encuentro. El fondo para cubrir una parte del sueldo de los docentes estatales es uno de los temas sensibles que pondr\u00e1n sobre la mesa en la negociaci\u00f3n.<\/p>\n<p class=\"paragraph\" data-mrf-recirculation=\"Links inline\">Uno de los temas importantes que los gobernadores quieren plantear es el<b>\u00a0regreso de la obra p\u00fablica<\/b>. Si bien saben que la decisi\u00f3n del Gobierno es inamovible, lo que buscan conocer son los par\u00e1metros de tiempo. \u00bfHasta cu\u00e1ndo estar\u00e1 suspendida? \u00bfC\u00f3mo retornar\u00eda? \u00bfEn qu\u00e9 mes? Desean un plan de acci\u00f3n que el Gobierno nunca brind\u00f3.\u00a0<b>\u201cEl pa\u00eds est\u00e1 parado. Tenemos que tener alguna certeza de cu\u00e1ndo se van a reactivar las obras\u201d<\/b>, remarc\u00f3 un gobernador cercano al oficialismo en di\u00e1logo con<b>\u00a0Infobae.<\/b><\/p>\n<p class=\"paragraph\" data-mrf-recirculation=\"Links inline\">Para las provincias la obra p\u00fablica es determinante porque es un gran generador de puestos de trabajo. El freno de la inversi\u00f3n gener\u00f3 una reducci\u00f3n muy fuerte en el sector de la construcci\u00f3n y, en consecuencia, aument\u00f3 los niveles de desocupaci\u00f3n. Los mandatarios buscan un plan de gesti\u00f3n m\u00e1s claro.<b>\u00a0Una hoja de ruta\u00a0<\/b>en la que puedan saber c\u00f3mo va caminar el Gobierno, para poder ellos construir su propio recorrido de gesti\u00f3n en base al impacto de la pol\u00edtica fiscal de Milei.<\/p>\n<p class=\"paragraph\" data-mrf-recirculation=\"Links inline\">Ayer el gobernador de C\u00f3rdoba,\u00a0<b>Mart\u00edn Llaryora<\/b>, hizo hincapi\u00e9 en otro de los temas sensibles que los mandatarios tienen en la lista de preocupaciones: la compensaci\u00f3n de los fondos perdidos por la quita del Impuesto a las Ganancias durante la gesti\u00f3n pasada. Los mandatarios presionan para que el Gobierno defina la\u00a0<b>coparticipaci\u00f3n del Impuesto Pa\u00eds o del Impuesto al Cheque.<\/b><\/p>\n<p class=\"paragraph\" data-mrf-recirculation=\"Links inline\">\u201cMe parece un error, con la recesi\u00f3n, volver a ir sobre salarios que est\u00e1n deprimidos por la inflaci\u00f3n; me parece que tenemos que ir por altos ingresos. Hay que sacar a los trabajadores\u201d, dijo el cordob\u00e9s. La coparticipaci\u00f3n de otros impuestos ser\u00e1 un tema sensible a tratar.\u00a0<b>\u201c\u00bfQu\u00e9 parte de todo lo que reciben van a compartir con las provincias?\u201d<\/b>, se quejaron en el entorno del mandatario.<\/p>\n<p class=\"paragraph\" data-mrf-recirculation=\"Links inline\">El C\u00f3rdoba hay tres reclamos concretos. El regreso del FONID y del Fondo Compensador del Interior, para el transporte p\u00fablico, y en un tercer orden, aunque primero en la lista de prioridades, el dep\u00f3sito de la deuda que tiene Naci\u00f3n en la Caja de Jubilaciones de la provincia. Entre enero y febrero les deben un total de $10 mil millones. Adem\u00e1s, hay una denuncia en la Corte Suprema por una deuda total cercana a los $450 mil millones. Cuentas que no est\u00e1n saldadas.<\/p>\n<p class=\"paragraph\" data-mrf-recirculation=\"Links inline\">En la zona centro de pa\u00eds hay una coincidencia. Necesitan que la econom\u00eda y la producci\u00f3n se reactiven cuanto antes. Para eso, entienden, ser\u00eda importante que haya un paquete de medidas productivas entrelazadas con las medidas fiscales. \u201cSi toman conciencia de la situaci\u00f3n, es una gran oportunidad para generar un esquema fiscal y productivo que sirva para frenar el efecto de la crisis hasta que el plan econ\u00f3mico rebote\u201d, analizaron en unas de las provincias del centro del mapa.<\/p>\n<p class=\"paragraph\" data-mrf-recirculation=\"Links inline\">Los gobernadores tienen una lista de reclamos y de preocupaciones. Pero, sobre todo, tienen la intenci\u00f3n de escuchar propuestas de parte del oficialismo.\u00a0<b>Que haya claridad para poder gobernar.\u00a0<\/b>La decisi\u00f3n de Milei de bajar el tono en sus redes sociales y en sus apariciones p\u00fablicas, fue tomada como una se\u00f1al positiva y esperanzadora por parte de los mandatarios. Renov\u00f3 la expectativa de poder construir una relaci\u00f3n pol\u00edtica viable. Sin insultos, sin agresiones y sin descalificaciones sistem\u00e1ticas. Ahora deben saber si es una voluntad real o solo un espejismo.<\/p>\n<p data-mrf-recirculation=\"Links inline\">Por<a class=\"author-name\" href=\"https:\/\/www.infobae.com\/autor\/joaquin-mugica-diaz\/\" aria-label=\"Joaqu\u00edn M\u00fagica D\u00edaz\">Joaqu\u00edn M\u00fagica D\u00edaz<\/a><\/p>\n<p data-mrf-recirculation=\"Links inline\">infobae.com<\/p>\n","protected":false},"excerpt":{"rendered":"<p>Los mandatarios provinciales apuntar\u00e1n a la quita de fondos y la obra p\u00fablica. Tambi\u00e9n quieren detalles de la nueva Ley \u00d3mnibus y del paquete de alivio fiscal que prometi\u00f3 Milei. Los temas sensibles de la agenda Ser\u00e1 una reuni\u00f3n de ofertas y demandas, de reclamos y exigencias. Y, sobre todo, ser\u00e1 un momento para escuchar. [&hellip;]<\/p>\n","protected":false},"author":2,"featured_media":3136,"comment_status":"closed","ping_status":"closed","sticky":false,"template":"","format":"standard","meta":{"footnotes":""},"categories":[56],"tags":[],"class_list":{"0":"post-3135","1":"post","2":"type-post","3":"status-publish","4":"format-standard","5":"has-post-thumbnail","7":"category-noticias-generales"},"_links":{"self":[{"href":"https:\/\/elpuebloelegidodigital.com\/web\/wp-json\/wp\/v2\/posts\/3135","targetHints":{"allow":["GET"]}}],"collection":[{"href":"https:\/\/elpuebloelegidodigital.com\/web\/wp-json\/wp\/v2\/posts"}],"about":[{"href":"https:\/\/elpuebloelegidodigital.com\/web\/wp-json\/wp\/v2\/types\/post"}],"author":[{"embeddable":true,"href":"https:\/\/elpuebloelegidodigital.com\/web\/wp-json\/wp\/v2\/users\/2"}],"replies":[{"embeddable":true,"href":"https:\/\/elpuebloelegidodigital.com\/web\/wp-json\/wp\/v2\/comments?post=3135"}],"version-history":[{"count":0,"href":"https:\/\/elpuebloelegidodigital.com\/web\/wp-json\/wp\/v2\/posts\/3135\/revisions"}],"wp:featuredmedia":[{"embeddable":true,"href":"https:\/\/elpuebloelegidodigital.com\/web\/wp-json\/wp\/v2\/media\/3136"}],"wp:attachment":[{"href":"https:\/\/elpuebloelegidodigital.com\/web\/wp-json\/wp\/v2\/media?parent=3135"}],"wp:term":[{"taxonomy":"category","embeddable":true,"href":"https:\/\/elpuebloelegidodigital.com\/web\/wp-json\/wp\/v2\/categories?post=3135"},{"taxonomy":"post_tag","embeddable":true,"href":"https:\/\/elpuebloelegidodigital.com\/web\/wp-json\/wp\/v2\/tags?post=3135"}],"curies":[{"name":"wp","href":"https:\/\/api.w.org\/{rel}","templated":true}]}}