{"id":2752,"date":"2023-05-15T12:02:24","date_gmt":"2023-05-15T15:02:24","guid":{"rendered":"https:\/\/elpuebloelegidodigital.com\/web\/?p=2752"},"modified":"2023-05-15T12:02:24","modified_gmt":"2023-05-15T15:02:24","slug":"rumbo-al-11-de-junio-la-ucr-realiza-intensas-recorridas-por-los-barrios-capitalinos","status":"publish","type":"post","link":"https:\/\/elpuebloelegidodigital.com\/web\/2023\/05\/15\/rumbo-al-11-de-junio-la-ucr-realiza-intensas-recorridas-por-los-barrios-capitalinos\/","title":{"rendered":"RUMBO AL 11 DE JUNIO  La UCR realiza intensas recorridas por los barrios capitalinos"},"content":{"rendered":"<p>El Comit\u00e9 Capital de la UCR recorre los barrios de la ciudad de Corrientes con una aceitada planificaci\u00f3n organizada en sus comit\u00e9s seccionales para que los candidatos de ECO+Vamos Corrientes puedan tomar contacto directo con los vecinos y escuchar sus demandas, las cuales luego se deber\u00e1n traducir en proyectos impulsados desde el\u00a0Concejo Deliberante. Las altas posibilidades de que ello suceda responde a que la alianza gobernante propone seguir trabajando en estrecha articulaci\u00f3n con el gobernador Gustavo Vald\u00e9s y el intendente Eduardo Tassano, lo que ya viene generando hace seis a\u00f1os muchas obras de infraestructura urbana como ser pavimento, cord\u00f3n cuneta, iluminaci\u00f3n, recuperaci\u00f3n de espacios p\u00fablicos y desag\u00fces, entre otros.<\/p>\n<p>&nbsp;<\/p>\n<p>En este marco, hubo una panfleteada este domingo a la tarde en la Costanera Sur, donde el primer candidato a concejal Marcos Amarilla se\u00f1al\u00f3 en la ocasi\u00f3n la importancia de que la gesti\u00f3n de Eduardo Tassano se vea &#8220;fortalecida por concejales que apoyan el proyecto pol\u00edtico que actualmente est\u00e1 generando muchos beneficios en materia de obra p\u00fablica para la ciudad de Corrientes trabajando en conjunto con el gobierno provincial liderado por el gobernador Gustavo Vald\u00e9s&#8221;.<\/p>\n<p>&nbsp;<\/p>\n<p>Otra de las actividades realizadas en este marco, fue el s\u00e1bado por la tarde en el barrio Mil Viviendas con un torneo de b\u00e1squet 3&#215;3 par\u00e1 j\u00f3venes de la zona, mientras que en el barrio 17 de Agosto explicaron el funcionamiento de un Curso de Oficios para j\u00f3venes de 16 a 19 a\u00f1os. En esta misma jornada hubo tambi\u00e9n un Bingo en el barrio san Ger\u00f3nimo con vecinos y candidatos, oportunidad que sirvi\u00f3 para &#8220;comprometernos a seguir por el rumbo del crecimiento&#8221;, seg\u00fan indic\u00f3 Amarilla.<\/p>\n<p>&nbsp;<\/p>\n<p>Por su parte, la candidata a diputada provincial Lucy Pereyra estuvo el s\u00e1bado por la ma\u00f1ana en el barrio Pirayu\u00ed en el domicilio de un vecino que organiz\u00f3 la reuni\u00f3n para poder hacer llegar las necesidades que tiene en esa zona de la ciudad. La aspirante a la Legislatura provincial escuch\u00f3 atentamente las demandas vecinales y tom\u00f3 nota para dar curso inmediato, puesto que actualmente ocupa el cargo de\u00a0Coordinadora de Gesti\u00f3n de Obras y Atenci\u00f3n Ciudadana del Ministerio de Obras y Servicios P\u00fablicos de la provincia de Corrientes. Cabe se\u00f1alar que el intendente Eduardo Tassano en el acto de ECO+Vamos Corrientes realizado la semana pasada en Laguna Seca, Tassano asegur\u00f3 que, al asumir, &#8220;hab\u00eda 50 por ciento de calles de tierra y hoy s\u00f3lo quedan el 10 por ciento&#8221;, al momento de describir los logros en conjunto entre Provincia y Municipio para la ciudad de Corrientes, entre los que tambi\u00e9n mencion\u00f3 iluminaci\u00f3n led, desag\u00fces, cord\u00f3n cuneta, ripio, y parquizaciones.<\/p>\n<p>&nbsp;<\/p>\n<p>Cabe se\u00f1alar que la estrategia del Comit\u00e9 Capital de la UCR rumbo a las elecciones del 11 de junio, no se limita a la\u00a0organizaci\u00f3n de actividades territoriales de campa\u00f1a, sino tambi\u00e9n el acompa\u00f1amiento de sus militantes a las actividades institucionales, tanto del Municipio como de la Provincia.<\/p>\n","protected":false},"excerpt":{"rendered":"<p>El Comit\u00e9 Capital de la UCR recorre los barrios de la ciudad de Corrientes con una aceitada planificaci\u00f3n organizada en sus comit\u00e9s seccionales para que los candidatos de ECO+Vamos Corrientes puedan tomar contacto directo con los vecinos y escuchar sus demandas, las cuales luego se deber\u00e1n traducir en proyectos impulsados desde el\u00a0Concejo Deliberante. Las altas [&hellip;]<\/p>\n","protected":false},"author":2,"featured_media":2754,"comment_status":"closed","ping_status":"closed","sticky":false,"template":"","format":"standard","meta":{"footnotes":""},"categories":[56],"tags":[],"class_list":{"0":"post-2752","1":"post","2":"type-post","3":"status-publish","4":"format-standard","5":"has-post-thumbnail","7":"category-noticias-generales"},"_links":{"self":[{"href":"https:\/\/elpuebloelegidodigital.com\/web\/wp-json\/wp\/v2\/posts\/2752","targetHints":{"allow":["GET"]}}],"collection":[{"href":"https:\/\/elpuebloelegidodigital.com\/web\/wp-json\/wp\/v2\/posts"}],"about":[{"href":"https:\/\/elpuebloelegidodigital.com\/web\/wp-json\/wp\/v2\/types\/post"}],"author":[{"embeddable":true,"href":"https:\/\/elpuebloelegidodigital.com\/web\/wp-json\/wp\/v2\/users\/2"}],"replies":[{"embeddable":true,"href":"https:\/\/elpuebloelegidodigital.com\/web\/wp-json\/wp\/v2\/comments?post=2752"}],"version-history":[{"count":0,"href":"https:\/\/elpuebloelegidodigital.com\/web\/wp-json\/wp\/v2\/posts\/2752\/revisions"}],"wp:featuredmedia":[{"embeddable":true,"href":"https:\/\/elpuebloelegidodigital.com\/web\/wp-json\/wp\/v2\/media\/2754"}],"wp:attachment":[{"href":"https:\/\/elpuebloelegidodigital.com\/web\/wp-json\/wp\/v2\/media?parent=2752"}],"wp:term":[{"taxonomy":"category","embeddable":true,"href":"https:\/\/elpuebloelegidodigital.com\/web\/wp-json\/wp\/v2\/categories?post=2752"},{"taxonomy":"post_tag","embeddable":true,"href":"https:\/\/elpuebloelegidodigital.com\/web\/wp-json\/wp\/v2\/tags?post=2752"}],"curies":[{"name":"wp","href":"https:\/\/api.w.org\/{rel}","templated":true}]}}