{"id":2676,"date":"2023-04-05T07:18:47","date_gmt":"2023-04-05T10:18:47","guid":{"rendered":"https:\/\/elpuebloelegidodigital.com\/web\/?p=2676"},"modified":"2023-04-05T07:18:47","modified_gmt":"2023-04-05T10:18:47","slug":"los-radicales-decididos-a-jugar-fuerte-para-el-turno-legislativo-provincial","status":"publish","type":"post","link":"https:\/\/elpuebloelegidodigital.com\/web\/2023\/04\/05\/los-radicales-decididos-a-jugar-fuerte-para-el-turno-legislativo-provincial\/","title":{"rendered":"Los radicales, decididos a jugar fuerte para el turno legislativo provincial"},"content":{"rendered":"<p>A una semana de la presentaci\u00f3n de alianzas ante la Junta Electoral provincial, para el turno del 11 de junio, la fuerza que lidera el frente oficialista concret\u00f3 ayer su Convenci\u00f3n. La Uni\u00f3n C\u00edvica Radical baj\u00f3 l\u00ednea sin ocultar la confianza de cara a los comicios legislativos.<br \/>\nEl sal\u00f3n Lapacho fue el punto de reuni\u00f3n de los referentes correligionarios. El titular del \u00f3rgano partidario, Henry Fick estuvo secundado por Gustavo Vald\u00e9s, quien a su diestra tuvo a Ricardo Colombi, l\u00edder de la fuerza, mientras que completaron la mesa principal Graciela Rodr\u00edguez, Marcos Amarilla, Sergio Flinta y Nuria Acosta.<br \/>\nHace un par de semanas, los capitostes del partido de Alem en Corrientes se ocuparon de escuchar a dirigentes de toda la provincia, de distintos distritos que competir\u00e1n tambi\u00e9n a escala municipal. Formalidades necesarias para ir acomodando un tablero que adem\u00e1s deber\u00e1 considerar los requerimientos de los aliados, que tambi\u00e9n est\u00e1n confiados en aportar para una victoria contundente. Todos pasos previos necesarios para lo que ser\u00e1 la presentaci\u00f3n de alianzas el martes 11, con posterior vinculaci\u00f3n y postulaci\u00f3n de los candidatos que componen el espacio oficialista.<br \/>\nResulta conveniente recordar que ECO fue en las \u00faltimas elecciones (en 2021) integrado por 32 partidos, mientras que la oposici\u00f3n compiti\u00f3 con un armado que incluy\u00f3 23 fuerzas pol\u00edticas. Con este escenario, en las \u00faltimas horas trascendi\u00f3 que la Junta Electoral aprob\u00f3 una n\u00f3mina de la misma cantidad de sellos que pugnaron hace dos a\u00f1os, o sea, 55. Resta ver c\u00f3mo se colocar\u00e1n a la hora de pertenecer a una boleta.<\/p>\n<p>ESTRATEGIAS<\/p>\n<p>De cara a la formalizaci\u00f3n de la alianza, se dispuso la conformaci\u00f3n de una comisi\u00f3n que se ocupar\u00e1 de fijar los lineamientos territoriales, teniendo en cuenta que son 64 municipios adheridos al 11 de junio, donde adem\u00e1s se votar\u00e1n concejales. En ninguno de los casos, podr\u00e1n aliarse con fuerzas que no integren el oficialismo en la \u00f3rbita provincial.<br \/>\nLa mesa chica que se encargar\u00e1 de las definiciones estar\u00e1 integrada por Gustavo Vald\u00e9s, Henry Fick, Ricardo Colombi, Sergio Flinta, la presidente de la JR Nacional, Valeria Pav\u00f3n, y la secretaria del Comit\u00e9 Central de la UCR, Graciela Rodr\u00edguez.<br \/>\nAdem\u00e1s, aprovecharon para establecer las pautas respecto a la pertenencia en Juntos por el Cambio, teniendo en cuenta que las f\u00f3rmulas presidenciales que se presenten para las Primarias lleven una lista com\u00fan de legisladores para obtener la mayor cantidad de diputados y senadores de cara al 10 de diciembre.<\/p>\n<p>DISCURSOS<\/p>\n<p>Hasta el club San Mart\u00edn de la Capital correntina fueron dirigentes de la UCR de toda la provincia, y se cont\u00f3 con el qu\u00f3rum de 106 convencionales, de los cuales 31 lo hicieron mediante videoconferencia, adem\u00e1s de los respectivos representantes de la Juventud Radical, la Organizaci\u00f3n de Trabajadores Radicales y la Franja Morada (brazo universitario de la UCR), siendo cinco por cada uno de estos espacios.<br \/>\nRicardo Colombi, en su calidad de titular del partido provincial tom\u00f3 la palabra para bajar l\u00ednea sobre el control que se har\u00e1 en las integraciones aliancistas en el Interior. Adem\u00e1s, asegur\u00f3: \u00abDesde Corrientes vamos a pedir enf\u00e1ticamente que las listas de legisladores en las Paso sean comunes para todos los candidatos a Presidente de Juntos por el Cambio para que luego no perdamos mayor\u00eda en el Congreso\u00bb.<br \/>\n\u00abHay certezas e incertidumbres\u00bb, dijo por su parte, Flinta con respecto a las elecciones nacionales. Y sostuvo que \u00abes certeza que el Gobierno nacional no tiene posibilidad de ganar con ning\u00fan candidato que presente\u00bb. Y advirti\u00f3 que \u00abse est\u00e1n atrincherado en la provincia de Buenos Aires y eso significa que el pr\u00f3ximo Presidente ser\u00e1 un hombre o mujer de Juntos por el Cambio\u00bb. \u00abHay incertidumbre todav\u00eda en Juntos por el Cambio, porque la UCR tiene dos candidatos: Gerardo Morales y Facundo Manes; mientras que el PRO tiene a Horacio Rodr\u00edguez Larreta y Patricia Bullrich\u00bb, agreg\u00f3.<br \/>\nEl \u00abChecho\u00bb tambi\u00e9n hizo referencia a las Paso, destacando que \u00abimpiden al partido poder disciplinar, por tanto, se puede dar que se generen f\u00f3rmulas cruzadas, porque la ley lo permite, es una situaci\u00f3n que se puede dar, sobre todo porque la interna del PRO nos afecta la unidad de la UCR, y este es un tema muy delicado que se viene\u00bb, remarc\u00f3.<\/p>\n<p>\u00abNuevos votantes\u00bb<\/p>\n<p>Vald\u00e9s hizo hincapi\u00e9 en el voto joven. Pidi\u00f3 la juventud militante que incorporen a la UCR a los correntinos de 16 y 17 a\u00f1os, quienes representan \u00abentre 80 y 90 mil nuevos votantes\u00bb. Adem\u00e1s, se refiri\u00f3 a la paridad de g\u00e9nero, instando a no dejar \u00abque nos roben esas banderas\u00bb.<br \/>\nEl Gobernador ratific\u00f3 su compromiso con el desarrollo como eje de gobierno, para \u00abvencer la pobreza generando riqueza, porque no se puede hablar de distribuci\u00f3n sin tener nada que distribuir\u00bb.<br \/>\nAfirm\u00f3 que se habla \u00abcon los empresarios, porque son aliados del Estado para generar empleo\u00bb. Y asegur\u00f3 que los empleados provinciales, tanto activos como pasivos \u00abseguir\u00e1n cobrando en tiempo y forma. Nunca estuvo tan s\u00f3lida la provincia como ahora. Este es el Gobierno de la UCR en Corrientes. Y lo hacemos con seriedad, fuerza, inteligencia y acompa\u00f1amiento\u00bb.<\/p>\n","protected":false},"excerpt":{"rendered":"<p>A una semana de la presentaci\u00f3n de alianzas ante la Junta Electoral provincial, para el turno del 11 de junio, la fuerza que lidera el frente oficialista concret\u00f3 ayer su Convenci\u00f3n. La Uni\u00f3n C\u00edvica Radical baj\u00f3 l\u00ednea sin ocultar la confianza de cara a los comicios legislativos. El sal\u00f3n Lapacho fue el punto de reuni\u00f3n [&hellip;]<\/p>\n","protected":false},"author":2,"featured_media":2677,"comment_status":"closed","ping_status":"closed","sticky":false,"template":"","format":"standard","meta":{"footnotes":""},"categories":[56],"tags":[],"class_list":{"0":"post-2676","1":"post","2":"type-post","3":"status-publish","4":"format-standard","5":"has-post-thumbnail","7":"category-noticias-generales"},"_links":{"self":[{"href":"https:\/\/elpuebloelegidodigital.com\/web\/wp-json\/wp\/v2\/posts\/2676","targetHints":{"allow":["GET"]}}],"collection":[{"href":"https:\/\/elpuebloelegidodigital.com\/web\/wp-json\/wp\/v2\/posts"}],"about":[{"href":"https:\/\/elpuebloelegidodigital.com\/web\/wp-json\/wp\/v2\/types\/post"}],"author":[{"embeddable":true,"href":"https:\/\/elpuebloelegidodigital.com\/web\/wp-json\/wp\/v2\/users\/2"}],"replies":[{"embeddable":true,"href":"https:\/\/elpuebloelegidodigital.com\/web\/wp-json\/wp\/v2\/comments?post=2676"}],"version-history":[{"count":0,"href":"https:\/\/elpuebloelegidodigital.com\/web\/wp-json\/wp\/v2\/posts\/2676\/revisions"}],"wp:featuredmedia":[{"embeddable":true,"href":"https:\/\/elpuebloelegidodigital.com\/web\/wp-json\/wp\/v2\/media\/2677"}],"wp:attachment":[{"href":"https:\/\/elpuebloelegidodigital.com\/web\/wp-json\/wp\/v2\/media?parent=2676"}],"wp:term":[{"taxonomy":"category","embeddable":true,"href":"https:\/\/elpuebloelegidodigital.com\/web\/wp-json\/wp\/v2\/categories?post=2676"},{"taxonomy":"post_tag","embeddable":true,"href":"https:\/\/elpuebloelegidodigital.com\/web\/wp-json\/wp\/v2\/tags?post=2676"}],"curies":[{"name":"wp","href":"https:\/\/api.w.org\/{rel}","templated":true}]}}