{"id":2515,"date":"2023-01-11T08:57:23","date_gmt":"2023-01-11T11:57:23","guid":{"rendered":"https:\/\/elpuebloelegidodigital.com\/web\/?p=2515"},"modified":"2023-01-11T08:57:23","modified_gmt":"2023-01-11T11:57:23","slug":"sequia-y-bajante-del-parana-capitanich-declaro-emergencia-hidrica-y-productiva-en-toda-la-provincia","status":"publish","type":"post","link":"https:\/\/elpuebloelegidodigital.com\/web\/2023\/01\/11\/sequia-y-bajante-del-parana-capitanich-declaro-emergencia-hidrica-y-productiva-en-toda-la-provincia\/","title":{"rendered":"Sequ\u00eda y bajante del Paran\u00e1: Capitanich declar\u00f3 emergencia h\u00eddrica y productiva en toda la provincia"},"content":{"rendered":"<p>El mandatario provincial anunci\u00f3 una inversi\u00f3n de 500 millones de pesos y la presentaci\u00f3n oficial de un de trabajo en los pr\u00f3ximos d\u00edas.<\/p>\n<p>El gobernador Jorge Capitanich, junto a la vicegobernadora Anal\u00eda Rach Quiroga, convoc\u00f3 este martes a los organismos que intervienen en la preservaci\u00f3n ambiental y en la provisi\u00f3n y manejo del agua para tratar la cr\u00edtica situaci\u00f3n h\u00eddrica por la que atraviesa no s\u00f3lo la provincia, sino la regi\u00f3n en general,<strong>\u00a0debido a las escasas precipitaciones, las altas temperaturas y la hist\u00f3rica bajante del r\u00edo Paran\u00e1<\/strong>. &#8220;Hemos decidido declarar la emergencia productiva, h\u00eddrica e \u00edgnea para el territorio provincial en base al an\u00e1lisis de indicadores t\u00e9cnicos provistos por las \u00e1reas competentes&#8221;, indic\u00f3 el mandatario.<\/p>\n<p>En ese marco,<strong>\u00a0se adelant\u00f3 que el Gobierno destinar\u00e1 500 millones de pesos para perforaciones, acarreo de agua y contrataci\u00f3n de equipos para garantizar el suministro.<\/strong>\u00a0Tambi\u00e9n se establecer\u00e1 un sistema de emergencia para prevenir e intervenir en focos \u00edgneos detectados y aplicar un programa de regulaci\u00f3n de pesca compatible con la evoluci\u00f3n de la altura del r\u00edo Paran\u00e1.<\/p>\n<p>Todos los detalles ser\u00e1n expuestos en los pr\u00f3ximos d\u00edas en lo que ser\u00e1 la presentaci\u00f3n oficial del plan de trabajo dise\u00f1ado por la Provincia.<\/p>\n<p>&#8220;Esta emergencia h\u00eddrica, que est\u00e1 por ingresar en su cuarto a\u00f1o consecutivo, ha podido tolerarse gracias a la red de acueductos y extensi\u00f3n de redes domiciliarias urbanas, parajes y sistema de recolecci\u00f3n y acumulaci\u00f3n de agua en zonas dispersas que hemos llevado adelante, llegando a m\u00e1s de 300.000 usuarios ahora y 400.000 a fines del a\u00f1o 2023&#8221;,<strong>\u00a0destac\u00f3 el gobernador a trav\u00e9s de sus redes sociales.<\/strong><\/p>\n<h2><strong>ABASTECIMIENTO DE AGUA Y ASISTENCIA A SECTORES PRODUCTIVOS<\/strong><\/h2>\n<p>La<strong>\u00a0ministra de Ambiente y Desarrollo Territorial Sostenible, Marta Soneira<\/strong>, mencion\u00f3 algunas de las medidas que se priorizan, como el abastecimiento de agua y el monitoreo de la pesca en la provincia. &#8220;Con la mesa de monitoreo de pesca se analizar\u00e1 la posibilidad de declarar una veda total, por el bajo nivel del r\u00edo y en el caso de que se determine, debemos trabajar en un acompa\u00f1amiento espec\u00edfico para el sector como ya lo hemos hecho antes&#8221;, anticip\u00f3.<\/p>\n<p>En tanto,\u00a0<strong>la subsecretaria de Agricultura, Flavia Francescutti<\/strong>, se refiri\u00f3 a las dificultades por las que atraviesa el sector productivo. &#8220;Estamos iniciando un cuarto a\u00f1o de sequ\u00eda donde probablemente las precipitaciones lleguen reci\u00e9n a fin de febrero o inicios de marzo y esto est\u00e1 trayendo muchas dificultades&#8221;, se\u00f1al\u00f3.<\/p>\n<p>La funcionaria advirti\u00f3 que el sector ganadero est\u00e1 &#8220;muy afectado&#8221; por la falta de recuperaci\u00f3n de los pastizales, por altas temperaturas y escasas lluvias. &#8220;Compartimos con el gobernador los datos de d\u00e9ficit h\u00eddricos del perfil del suelo que est\u00e1 ocasionando p\u00e9rdidas en los cultivos; no se llegaron a concretar las siembras que esper\u00e1bamos para girasol, soja, entonces es una situaci\u00f3n de alarma bastante importante&#8221;, sostuvo.<\/p>\n<p>Por su parte,\u00a0<strong>el presidente de la Administraci\u00f3n Provincial del Agua (APA), Daniel Pegoraro,<\/strong>\u00a0se refiri\u00f3 al traslado de agua que el organismo lleva adelante hacia las zonas rurales alejadas de los principales centros de distribuci\u00f3n. &#8220;Gracias a la inversi\u00f3n que realiz\u00f3 el gobierno de la provincia desde 2007, hoy tenemos muchas m\u00e1s localidades asistidas con agua potable; en este caso, APA asiste permanentemente a las zonas m\u00e1s alejadas de esos puntos de distribuci\u00f3n y estamos trabajando para garantizar este servicio durante los pr\u00f3ximos meses&#8221;, resalt\u00f3.<\/p>\n<p>El<strong>\u00a0gerente de Planificaci\u00f3n de Sameep, Ricardo Requena,<\/strong>\u00a0coment\u00f3 por su parte que en la reuni\u00f3n de este martes diagramaron el sistema de abordaje, tanto urbano como rural, en relaci\u00f3n al abastecimiento de agua. &#8220;Aunque las zonas m\u00e1s afectadas por esta emergencia son el oeste provincial, la zona del Impenetrable y algunas \u00e1reas de la zona sur, se asiste tambi\u00e9n a conglomerados urbanos en la periferia de la capital provincial que a\u00fan no cuentan con red de agua potable&#8221;, record\u00f3.<\/p>\n<p>En este marco y con la informaci\u00f3n recabada por los organismos, el Gobierno presentar\u00e1 en los pr\u00f3ximos d\u00edas un plan integral de trabajo que permita mitigar la problem\u00e1tica durante los primeros meses de 2023.\u00a0<strong>&#8220;Todo el esfuerzo realizado ha permitido atenuar las p\u00e9rdidas&#8221;,<\/strong>\u00a0insisti\u00f3 Capitanich.<\/p>\n","protected":false},"excerpt":{"rendered":"<p>El mandatario provincial anunci\u00f3 una inversi\u00f3n de 500 millones de pesos y la presentaci\u00f3n oficial de un de trabajo en los pr\u00f3ximos d\u00edas. El gobernador Jorge Capitanich, junto a la vicegobernadora Anal\u00eda Rach Quiroga, convoc\u00f3 este martes a los organismos que intervienen en la preservaci\u00f3n ambiental y en la provisi\u00f3n y manejo del agua para [&hellip;]<\/p>\n","protected":false},"author":2,"featured_media":2516,"comment_status":"closed","ping_status":"closed","sticky":false,"template":"","format":"standard","meta":{"footnotes":""},"categories":[66],"tags":[],"class_list":{"0":"post-2515","1":"post","2":"type-post","3":"status-publish","4":"format-standard","5":"has-post-thumbnail","7":"category-el-ojo-del-pueblo"},"_links":{"self":[{"href":"https:\/\/elpuebloelegidodigital.com\/web\/wp-json\/wp\/v2\/posts\/2515","targetHints":{"allow":["GET"]}}],"collection":[{"href":"https:\/\/elpuebloelegidodigital.com\/web\/wp-json\/wp\/v2\/posts"}],"about":[{"href":"https:\/\/elpuebloelegidodigital.com\/web\/wp-json\/wp\/v2\/types\/post"}],"author":[{"embeddable":true,"href":"https:\/\/elpuebloelegidodigital.com\/web\/wp-json\/wp\/v2\/users\/2"}],"replies":[{"embeddable":true,"href":"https:\/\/elpuebloelegidodigital.com\/web\/wp-json\/wp\/v2\/comments?post=2515"}],"version-history":[{"count":0,"href":"https:\/\/elpuebloelegidodigital.com\/web\/wp-json\/wp\/v2\/posts\/2515\/revisions"}],"wp:featuredmedia":[{"embeddable":true,"href":"https:\/\/elpuebloelegidodigital.com\/web\/wp-json\/wp\/v2\/media\/2516"}],"wp:attachment":[{"href":"https:\/\/elpuebloelegidodigital.com\/web\/wp-json\/wp\/v2\/media?parent=2515"}],"wp:term":[{"taxonomy":"category","embeddable":true,"href":"https:\/\/elpuebloelegidodigital.com\/web\/wp-json\/wp\/v2\/categories?post=2515"},{"taxonomy":"post_tag","embeddable":true,"href":"https:\/\/elpuebloelegidodigital.com\/web\/wp-json\/wp\/v2\/tags?post=2515"}],"curies":[{"name":"wp","href":"https:\/\/api.w.org\/{rel}","templated":true}]}}