{"id":1707,"date":"2021-08-27T09:54:28","date_gmt":"2021-08-27T12:54:28","guid":{"rendered":"https:\/\/elpuebloelegidodigital.com\/web\/?p=1707"},"modified":"2021-08-27T09:54:28","modified_gmt":"2021-08-27T12:54:28","slug":"el-gobierno-provincial-dio-a-conocer-el-parte-emitido-por-el-htal-san-jose-respecto-al-diputado-herido-en-tapebicua","status":"publish","type":"post","link":"https:\/\/elpuebloelegidodigital.com\/web\/2021\/08\/27\/el-gobierno-provincial-dio-a-conocer-el-parte-emitido-por-el-htal-san-jose-respecto-al-diputado-herido-en-tapebicua\/","title":{"rendered":"El Gobierno Provincial dio a conocer el parte emitido por el Htal. San Jos\u00e9 respecto al diputado herido en Tapebicu\u00e1"},"content":{"rendered":"<p>Desde el Gobierno de Corrientes se dio a conocer el parte m\u00e9dico del diputado provincial Miguel Arias, quien fuera herido por un disparo en la noche del jueves en Tapebicu\u00e1.<\/p>\n<p class=\"x_ql-align-justify\">El informe, emitido por el Hospital San Jos\u00e9 de Paso de los Libres, detalla lo siguiente:<\/p>\n<p class=\"x_ql-align-justify\"><em>\u201c<\/em><strong><em>27 de agosto de 2021<\/em><\/strong><\/p>\n<p class=\"x_ql-align-justify\"><strong><em>Parte M\u00e9dico del paciente Miguel Arias<\/em><\/strong><\/p>\n<p class=\"x_ql-align-justify\"><em>Alrededor de las 21:40 de ayer, 26 de agosto, ingres\u00f3 por la emergencia del Hospital San Jos\u00e9, de Paso de los Libres, una persona de sexo masculino proveniente de la localidad de Tapebicu\u00e1, al cual lo recibieron el m\u00e9dico de guardia, el equipo quir\u00fargico del servicio de cirug\u00eda y el m\u00e9dico anestesi\u00f3logo.<\/em><\/p>\n<p class=\"x_ql-align-justify\"><em>El paciente ingres\u00f3 con shock hipobol\u00e9mico y excitaci\u00f3n, provocado por una lesi\u00f3n traum\u00e1tica de una herida de arma de fuego a nivel del abdomen, en el flanco derecho.<\/em><\/p>\n<p class=\"x_ql-align-justify\"><em>A causa del estado cl\u00ednico hemodin\u00e1mico inestable fue trasladado al quir\u00f3fano, donde se procedi\u00f3 a realizar una cirug\u00eda convencional para explorar lesiones en el mismo. All\u00ed se observ\u00f3 una gran cantidad de sangre en cavidad abdominal por lesi\u00f3n a nivel arteria peque\u00f1a mesenterica superior y m\u00faltiples orificios en \u00f3rganos huecos como intestino delgado, pero sin comprometer \u00f3rganos vitales. Durante la intervenci\u00f3n quir\u00fargica se compens\u00f3 al paciente con reposici\u00f3n de sachets de sangre y soluciones salinas. La duraci\u00f3n de la intervenci\u00f3n quir\u00fargica fue de aproximadamente 2 horas, respondiendo favorablemente con retiro de sedaci\u00f3n y extubaci\u00f3n del paciente para trasladarlo a la UTI, ya estable cl\u00ednicamente.<\/em><\/p>\n<p class=\"x_ql-align-justify\"><em>El d\u00eda de hoy, 27 de agosto, luego de varias horas de evoluci\u00f3n cl\u00ednica, se lo trasladar\u00e1 en un avi\u00f3n sanitario de la provincia de Corrientes dispuesto por el gobierno hacia la ciudad Capital, donde ser\u00e1 recibido por una ambulancia de alta complejidad y trasladado posteriormente al hospital escuela Jos\u00e9 de San Mart\u00edn.<\/em><\/p>\n<p class=\"x_ql-align-justify\"><em>Dr. Giglione, M\u00e9dico cirujano<\/em><\/p>\n<p class=\"x_ql-align-justify\"><em>Dr. Ferreira Dame, Director HSJ\u201d<\/em><\/p>\n","protected":false},"excerpt":{"rendered":"<p>Desde el Gobierno de Corrientes se dio a conocer el parte m\u00e9dico del diputado provincial Miguel Arias, quien fuera herido por un disparo en la noche del jueves en Tapebicu\u00e1. El informe, emitido por el Hospital San Jos\u00e9 de Paso de los Libres, detalla lo siguiente: \u201c27 de agosto de 2021 Parte M\u00e9dico del paciente [&hellip;]<\/p>\n","protected":false},"author":2,"featured_media":1708,"comment_status":"open","ping_status":"open","sticky":false,"template":"","format":"standard","meta":{"footnotes":""},"categories":[66],"tags":[],"class_list":{"0":"post-1707","1":"post","2":"type-post","3":"status-publish","4":"format-standard","5":"has-post-thumbnail","7":"category-el-ojo-del-pueblo"},"_links":{"self":[{"href":"https:\/\/elpuebloelegidodigital.com\/web\/wp-json\/wp\/v2\/posts\/1707","targetHints":{"allow":["GET"]}}],"collection":[{"href":"https:\/\/elpuebloelegidodigital.com\/web\/wp-json\/wp\/v2\/posts"}],"about":[{"href":"https:\/\/elpuebloelegidodigital.com\/web\/wp-json\/wp\/v2\/types\/post"}],"author":[{"embeddable":true,"href":"https:\/\/elpuebloelegidodigital.com\/web\/wp-json\/wp\/v2\/users\/2"}],"replies":[{"embeddable":true,"href":"https:\/\/elpuebloelegidodigital.com\/web\/wp-json\/wp\/v2\/comments?post=1707"}],"version-history":[{"count":0,"href":"https:\/\/elpuebloelegidodigital.com\/web\/wp-json\/wp\/v2\/posts\/1707\/revisions"}],"wp:featuredmedia":[{"embeddable":true,"href":"https:\/\/elpuebloelegidodigital.com\/web\/wp-json\/wp\/v2\/media\/1708"}],"wp:attachment":[{"href":"https:\/\/elpuebloelegidodigital.com\/web\/wp-json\/wp\/v2\/media?parent=1707"}],"wp:term":[{"taxonomy":"category","embeddable":true,"href":"https:\/\/elpuebloelegidodigital.com\/web\/wp-json\/wp\/v2\/categories?post=1707"},{"taxonomy":"post_tag","embeddable":true,"href":"https:\/\/elpuebloelegidodigital.com\/web\/wp-json\/wp\/v2\/tags?post=1707"}],"curies":[{"name":"wp","href":"https:\/\/api.w.org\/{rel}","templated":true}]}}