{"id":1632,"date":"2021-07-30T12:05:46","date_gmt":"2021-07-30T15:05:46","guid":{"rendered":"https:\/\/elpuebloelegidodigital.com\/web\/?p=1632"},"modified":"2021-07-30T12:05:46","modified_gmt":"2021-07-30T15:05:46","slug":"presentacion-de-la-segunda-edicion-de-chamame-nuestra-cana-con-ruda","status":"publish","type":"post","link":"https:\/\/elpuebloelegidodigital.com\/web\/2021\/07\/30\/presentacion-de-la-segunda-edicion-de-chamame-nuestra-cana-con-ruda\/","title":{"rendered":"Presentaci\u00f3n de la segunda edici\u00f3n de &#8220;Chamam\u00e9, nuestra ca\u00f1a con ruda&#8221;"},"content":{"rendered":"<p>RUEDA DE PRENSA<\/p>\n<p>Presentaci\u00f3n de la segunda edici\u00f3n de &#8220;Chamam\u00e9, nuestra ca\u00f1a con ruda&#8221;<\/p>\n<p>El Gobierno de la Provincia, a trav\u00e9s del Instituto de Cultura de Corrientes, invita a los correntinos y a toda la Naci\u00f3n Chamamecera a disfrutar de la segunda edici\u00f3n de &#8220;Chamame, nuestra ca\u00f1a con ruda&#8221;, que se transmitir\u00e1 este s\u00e1bado 31 de julio y domingo 1de agosto por redes sociales oficiales y televisi\u00f3n.<\/p>\n<p>Por este motivo, este viernes 29 de julio, a las 10, en la Casa \u00d1anderek\u00f3, centro de interpretaci\u00f3n del Chamam\u00e9 y el Carnaval (25 de Mayo 1141), se realizar\u00e1 una conferencia de prensa para brindar detalles de esta propuesta. Estar\u00e1 presente el presidente del Instituto de Cultura, Gabriel Romero, y el director de Artes Esc\u00e9nicas, M\u00fasica y Artes Audiovisuales, Eduardo Sivori.<\/p>\n<p><strong>Sobre &#8220;Chamame, nuestra ca\u00f1a con ruda&#8221;<\/strong><\/p>\n<p>Forma parte de la serie de acciones para el sector art\u00edstico, entre ellos el Festival de Invierno, en el contexto de la pandemia.<\/p>\n<p>La segunda edici\u00f3n de este ciclo nacido en plena pandemia -mayo 2020- tendr\u00e1 lugar este fin de semana, para televisi\u00f3n y redes. En esta ocasi\u00f3n incluir\u00e1 la presentaci\u00f3n de Raulito Alonso y su Conjunto, y Amanday\u00e9, el s\u00e1bado 31 de julio y la actuaci\u00f3n de La Pilarcita y Tony Rojas y su conjunto*, *el domingo 1 de agosto.<\/p>\n<p>\u201cCHAMAME, nuestra ca\u00f1a con ruda\u201d, es una producci\u00f3n especial televisiva del Gobierno de la Provincia a trav\u00e9s del Instituto de Cultura de Corrientes realizada con artistas chamameceros.<\/p>\n<p>Ser\u00e1 transmitido por las redes del Instituto de Cultura y canales locales, de 21.00 a 22.00, en\u00a0dos programas de aproximadamente 60 minutos de duraci\u00f3n, el s\u00e1bado 31 de Julio y el domingo al 1 de agosto.<\/p>\n<p>El rodaje se realiz\u00f3 en el patio del Museo Antropol\u00f3gico de Corrientes (Ex Casa Mart\u00ednez), que dirige la arquitecta Marisol Maciel, que rescata, resguarda y comparte con la comunidad piezas muy valiosas de nuestro pasado.<\/p>\n<p><strong>Trabajo para los m\u00fasicos<\/strong><\/p>\n<p>La primera edici\u00f3n de este ciclo fue presentada por el propio Gobernador Gustavo Vald\u00e9s en mayo del 2020, en aquella oportunidad destacaba: \u201cNuestra ca\u00f1a con ruda es el s\u00edmbolo de que tenemos que pasar el invierno, la estaci\u00f3n m\u00e1s dif\u00edcil. Hoy como correntinos estamos atravesando esta tremenda pandemia y a lo largo de los tiempos siempre que afrontamos problemas e inconvenientes, como por ejemplo las inundaciones, nuestros m\u00fasicos fueron solidarios con el pueblo\u201d, dijo a manera de introducci\u00f3n el gobernador Gustavo Vald\u00e9s.<\/p>\n<p>Para el mandatario, \u201choy es tiempo que nosotros como pueblo seamos solidarios con ellos. Por esta emergencia no se pueden juntar y brindar su repertorio al p\u00fablico como lo hac\u00edan antes y debemos darles una mano\u201d.<\/p>\n<p>Por su parte el presidente del Instituto de Cultura, Arq. Gabriel Romero expresaba: \u201cDesde que se decret\u00f3 el aislamiento Gobernador nos pidi\u00f3 que realicemos una serie de acciones, donde la primera ten\u00eda que ver con el subsidio a m\u00fasicos, destinamos m\u00e1s de 3 millones de pesos en aportes\u201d.<\/p>\n<p>\u201cEsta oportunidad de mover contenidos favorece la posibilidad de armar un engranaje y brindar la posibilidad de ofrecer trabajo al artista\u201d, consider\u00f3 Romero y sostuvo que \u201cmediante las redes vamos a poder llegar a muchos lugares, sin l\u00edmites\u201d.<\/p>\n","protected":false},"excerpt":{"rendered":"<p>RUEDA DE PRENSA Presentaci\u00f3n de la segunda edici\u00f3n de &#8220;Chamam\u00e9, nuestra ca\u00f1a con ruda&#8221; El Gobierno de la Provincia, a trav\u00e9s del Instituto de Cultura de Corrientes, invita a los correntinos y a toda la Naci\u00f3n Chamamecera a disfrutar de la segunda edici\u00f3n de &#8220;Chamame, nuestra ca\u00f1a con ruda&#8221;, que se transmitir\u00e1 este s\u00e1bado 31 [&hellip;]<\/p>\n","protected":false},"author":2,"featured_media":1633,"comment_status":"open","ping_status":"open","sticky":false,"template":"","format":"standard","meta":{"footnotes":""},"categories":[64],"tags":[],"class_list":{"0":"post-1632","1":"post","2":"type-post","3":"status-publish","4":"format-standard","5":"has-post-thumbnail","7":"category-agenda-de-eventos"},"_links":{"self":[{"href":"https:\/\/elpuebloelegidodigital.com\/web\/wp-json\/wp\/v2\/posts\/1632","targetHints":{"allow":["GET"]}}],"collection":[{"href":"https:\/\/elpuebloelegidodigital.com\/web\/wp-json\/wp\/v2\/posts"}],"about":[{"href":"https:\/\/elpuebloelegidodigital.com\/web\/wp-json\/wp\/v2\/types\/post"}],"author":[{"embeddable":true,"href":"https:\/\/elpuebloelegidodigital.com\/web\/wp-json\/wp\/v2\/users\/2"}],"replies":[{"embeddable":true,"href":"https:\/\/elpuebloelegidodigital.com\/web\/wp-json\/wp\/v2\/comments?post=1632"}],"version-history":[{"count":0,"href":"https:\/\/elpuebloelegidodigital.com\/web\/wp-json\/wp\/v2\/posts\/1632\/revisions"}],"wp:featuredmedia":[{"embeddable":true,"href":"https:\/\/elpuebloelegidodigital.com\/web\/wp-json\/wp\/v2\/media\/1633"}],"wp:attachment":[{"href":"https:\/\/elpuebloelegidodigital.com\/web\/wp-json\/wp\/v2\/media?parent=1632"}],"wp:term":[{"taxonomy":"category","embeddable":true,"href":"https:\/\/elpuebloelegidodigital.com\/web\/wp-json\/wp\/v2\/categories?post=1632"},{"taxonomy":"post_tag","embeddable":true,"href":"https:\/\/elpuebloelegidodigital.com\/web\/wp-json\/wp\/v2\/tags?post=1632"}],"curies":[{"name":"wp","href":"https:\/\/api.w.org\/{rel}","templated":true}]}}