{"id":1572,"date":"2021-06-30T22:53:13","date_gmt":"2021-07-01T01:53:13","guid":{"rendered":"https:\/\/elpuebloelegidodigital.com\/web\/?p=1572"},"modified":"2021-06-30T22:53:13","modified_gmt":"2021-07-01T01:53:13","slug":"fortalecimiento-del-sistema-de-seguridad-capitanich-entrego-12-vehiculos-a-comisarias-y-tomo-juramento-a-nuevos-agentes","status":"publish","type":"post","link":"https:\/\/elpuebloelegidodigital.com\/web\/2021\/06\/30\/fortalecimiento-del-sistema-de-seguridad-capitanich-entrego-12-vehiculos-a-comisarias-y-tomo-juramento-a-nuevos-agentes\/","title":{"rendered":"FORTALECIMIENTO DEL SISTEMA DE SEGURIDAD: CAPITANICH ENTREG\u00d3 12 VEH\u00cdCULOS A COMISAR\u00cdAS Y TOM\u00d3 JURAMENTO A NUEVOS AGENTES"},"content":{"rendered":"<p>Se trata de 98 agentes y 85 oficiales que finalizaron la etapa de formaci\u00f3n en el Instituto de Educaci\u00f3n Superior de Formaci\u00f3n Policial y Seguridad P\u00fablica y en la Escuela del Servicio Penitenciario. Adem\u00e1s entreg\u00f3 los veh\u00edculos policiales a las comisar\u00edas del \u00c1rea Metropolitana.<\/p>\n<p>El gobernador Jorge Capitanich tom\u00f3 juramento, este s\u00e1bado, a 98 agentes penitenciarios y 85 oficiales subayudantes, quienes finalizaron los estudios en el Instituto de Educaci\u00f3n Superior de Formaci\u00f3n Policial y Seguridad P\u00fablica y en la Escuela del Servicio Penitenciario, y pasar\u00e1n a formar parte de la Polic\u00eda del Chaco.<\/p>\n<p>En la oportunidad adem\u00e1s entreg\u00f3 12 veh\u00edculos destinados a las dependencias policiales del \u00c1rea Metropolitana que vienen a sumarse a la flota de seguridad. Se trata de una inversi\u00f3n de $42.386.544 para la adquisici\u00f3n de camionetas 0KM que cuentan con equipos lum\u00ednicos y de comunicaci\u00f3n de \u00faltima tecnolog\u00eda.<\/p>\n<p>Capitanich record\u00f3 que Chaco destina del 4,5 al 5% del presupuesto provincial en seguridad a las chaque\u00f1as y chaque\u00f1os. \u201cEn el dise\u00f1o de una pol\u00edtica p\u00fablica de seguridad vial y preventiva trabajamos sobre tres pilares, la profesionalizaci\u00f3n de los recursos humanos, la incorporaci\u00f3n de tecnolog\u00eda y la participaci\u00f3n ciudadana\u201d.<\/p>\n<p>La Provincia trabaja en la profesionalizaci\u00f3n de las fuerzas de seguridad, para lo cual se transformaron los contenidos curriculares en la formaci\u00f3n de las y los agentes. Con la incorporaci\u00f3n de los recientes recibidos, la Polic\u00eda del Chaco cuenta con un total de 7.400 agentes activos en el servicio de seguridad preventiva y vial.<\/p>\n<p>Adem\u00e1s se incorpor\u00f3 el uso de tecnolog\u00eda en los controles fronterizos con lectoras de patentes, controladores de velocidad y balanzas a fin de cuidar las rutas y la seguridad de las familias chaque\u00f1as. \u201cLos avances en seguridad est\u00e1n ligados a la tecnolog\u00eda\u201d, subray\u00f3.<\/p>\n<p>Finalmente, en lo que respecta al tercer pilar que es la participaci\u00f3n ciudadana, el gobernador record\u00f3 que desde el Ministerio de Seguridad y Justicia se promueve la participaci\u00f3n de las comisiones vecinales y se insta a los municipios a replicar el mecanismo.<\/p>\n<p>Participaron del acto la vicegobernadora Anal\u00eda Rach Quiroga; la ministra de Seguridad y Justicia, Gloria Zalazar; el jefe y subjefe de la Polic\u00eda del Chaco, Ariel Acu\u00f1a y David Vega; la directora general y el subdirector del Servicio Penitenciario y Readaptaci\u00f3n Social, Gilda Maidana y Gerardo Sotelo; entre otras funcionarias y funcionarios de la seguridad de la provincia.<\/p>\n<p>&nbsp;<\/p>\n<p>M\u00e1s inversi\u00f3n en Seguridad<\/p>\n<p>Las y los nuevos agentes ser\u00e1n distribuidos en toda la provincia para comenzar a cuidar de la ciudadan\u00eda chaque\u00f1a. \u201cEs un d\u00eda muy importante para nosotros, porque son personas que se suman al trabajo cotidiano de seguridad, tan necesario\u201d, indic\u00f3 la ministra Zalazar.<\/p>\n<p>Respecto a los nuevos veh\u00edculos policiales se\u00f1al\u00f3 que responden a una gran inversi\u00f3n que viene a fortalecer a la Polic\u00eda del Chaco, junto con una importante compra para el Servicio Penitenciario, de minibuses y camionetas para traslados de detenidos.<\/p>\n<p>Por otro lado, record\u00f3 que est\u00e1 en funcionamiento la aplicaci\u00f3n Denuncias Digitales para dar mayor agilizar la toma de conocimiento de todo tipo de amenazas, y se trabaja en la instalaci\u00f3n de tecnolog\u00eda en los portales de acceso y en las rutas de la provincia. Se trata de radares, c\u00e1maras, lectoras de patentes, rostros que se compilar\u00e1n en un centro de monitoreo que est\u00e1 pr\u00f3ximo a inaugurarse.<\/p>\n","protected":false},"excerpt":{"rendered":"<p>Se trata de 98 agentes y 85 oficiales que finalizaron la etapa de formaci\u00f3n en el Instituto de Educaci\u00f3n Superior de Formaci\u00f3n Policial y Seguridad P\u00fablica y en la Escuela del Servicio Penitenciario. Adem\u00e1s entreg\u00f3 los veh\u00edculos policiales a las comisar\u00edas del \u00c1rea Metropolitana. El gobernador Jorge Capitanich tom\u00f3 juramento, este s\u00e1bado, a 98 agentes [&hellip;]<\/p>\n","protected":false},"author":2,"featured_media":1573,"comment_status":"open","ping_status":"open","sticky":false,"template":"","format":"standard","meta":{"footnotes":""},"categories":[56],"tags":[],"class_list":{"0":"post-1572","1":"post","2":"type-post","3":"status-publish","4":"format-standard","5":"has-post-thumbnail","7":"category-noticias-generales"},"_links":{"self":[{"href":"https:\/\/elpuebloelegidodigital.com\/web\/wp-json\/wp\/v2\/posts\/1572","targetHints":{"allow":["GET"]}}],"collection":[{"href":"https:\/\/elpuebloelegidodigital.com\/web\/wp-json\/wp\/v2\/posts"}],"about":[{"href":"https:\/\/elpuebloelegidodigital.com\/web\/wp-json\/wp\/v2\/types\/post"}],"author":[{"embeddable":true,"href":"https:\/\/elpuebloelegidodigital.com\/web\/wp-json\/wp\/v2\/users\/2"}],"replies":[{"embeddable":true,"href":"https:\/\/elpuebloelegidodigital.com\/web\/wp-json\/wp\/v2\/comments?post=1572"}],"version-history":[{"count":0,"href":"https:\/\/elpuebloelegidodigital.com\/web\/wp-json\/wp\/v2\/posts\/1572\/revisions"}],"wp:featuredmedia":[{"embeddable":true,"href":"https:\/\/elpuebloelegidodigital.com\/web\/wp-json\/wp\/v2\/media\/1573"}],"wp:attachment":[{"href":"https:\/\/elpuebloelegidodigital.com\/web\/wp-json\/wp\/v2\/media?parent=1572"}],"wp:term":[{"taxonomy":"category","embeddable":true,"href":"https:\/\/elpuebloelegidodigital.com\/web\/wp-json\/wp\/v2\/categories?post=1572"},{"taxonomy":"post_tag","embeddable":true,"href":"https:\/\/elpuebloelegidodigital.com\/web\/wp-json\/wp\/v2\/tags?post=1572"}],"curies":[{"name":"wp","href":"https:\/\/api.w.org\/{rel}","templated":true}]}}